{"id":104350,"date":"2025-10-10T00:54:23","date_gmt":"2025-10-10T00:54:23","guid":{"rendered":"https:\/\/www.europesays.com\/pt\/104350\/"},"modified":"2025-10-10T00:54:23","modified_gmt":"2025-10-10T00:54:23","slug":"supermercado-recruta-colaboradores-para-8-dias-de-trabalho-por-mes-com-salario-de-855-euros-dois-as-10","status":"publish","type":"post","link":"https:\/\/www.europesays.com\/pt\/104350\/","title":{"rendered":"Supermercado recruta colaboradores para 8 dias de trabalho por m\u00eas com sal\u00e1rio de 855 euros &#8211; Dois \u00e0s 10"},"content":{"rendered":"<p>                        A Mercadona est\u00e1 a contratar em v\u00e1rias regi\u00f5es de Espanha, oferecendo contratos efetivos para apenas 8 dias de trabalho por m\u00eas, com sal\u00e1rio at\u00e9 855 euros e subs\u00eddios.<\/p>\n<p>A <strong>cadeia de supermercados Mercadona<\/strong> est\u00e1 a refor\u00e7ar as suas equipas em v\u00e1rias regi\u00f5es de Espanha e apresentou uma proposta <strong>pouco habitual<\/strong>: contratos efetivos para colaboradores que trabalhem apenas <strong>oito a dez dias por m\u00eas<\/strong>, com <strong>remunera\u00e7\u00e3o at\u00e9 855 euros<\/strong>, acrescida de subs\u00eddios.<\/p>\n<p>De acordo com o jornal espanhol <a href=\"https:\/\/www.abc.es\/\" rel=\"nofollow noopener\" target=\"_blank\">ABC C. Valenciana<\/a>, os trabalhadores contratados neste regime cumprem cerca de <strong>15 horas semanais<\/strong> e t\u00eam direito a <strong>forma\u00e7\u00e3o remunerada<\/strong>, progress\u00e3o salarial e <strong>hor\u00e1rios previamente definidos<\/strong>. A Mercadona <strong>n\u00e3o exige experi\u00eancia profissional<\/strong>, valorizando sobretudo <strong>dinamismo<\/strong> e a <strong>capacidade de intera\u00e7\u00e3o com os clientes<\/strong>.<\/p>\n<p>Para al\u00e9m deste regime, existem outras modalidades de contrato: <strong>20 horas semanais<\/strong>, com sal\u00e1rios entre <strong>843 e 1.140 euros<\/strong>, ou <strong>40 horas por semana<\/strong>, distribu\u00eddas em cinco dias, com remunera\u00e7\u00e3o mensal entre <strong>1.685 e 2.280 euros<\/strong>. Em algumas situa\u00e7\u00f5es, est\u00e3o tamb\u00e9m previstos <strong>complementos<\/strong>, como o pagamento de trabalho noturno.<\/p>\n<p>As fun\u00e7\u00f5es dispon\u00edveis abrangem <strong>diversas \u00e1reas dentro da loja<\/strong>, incluindo reposi\u00e7\u00e3o, caixa, peixaria, talho, padaria, frutas e legumes, assim como <strong>limpeza<\/strong>. Atualmente, existem vagas em cidades como <strong>Barcelona, Val\u00eancia, Granada, Lugo, Sarago\u00e7a<\/strong> e <strong>Burgos<\/strong>.<\/p>\n<p>Para tornar o recrutamento mais acess\u00edvel, a Mercadona lan\u00e7ou recentemente um <strong>novo portal de emprego<\/strong>, mais <strong>intuitivo e interativo<\/strong>, onde os candidatos podem <strong>criar um perfil \u00fanico<\/strong>, indicar <strong>prefer\u00eancias<\/strong> e acompanhar em <strong>tempo real<\/strong> o estado das suas candidaturas.<\/p>\n","protected":false},"excerpt":{"rendered":"A Mercadona est\u00e1 a contratar em v\u00e1rias regi\u00f5es de Espanha, oferecendo contratos efetivos para apenas 8 dias de&hellip;\n","protected":false},"author":2,"featured_media":104351,"comment_status":"","ping_status":"","sticky":false,"template":"","format":"standard","meta":{"footnotes":""},"categories":[83],"tags":[88,329,166,3412,3406,3409,801,3410,3411,3407,3408,89,90,640,3413,338,4317,32,33,10116],"class_list":{"0":"post-104350","1":"post","2":"type-post","3":"status-publish","4":"format-standard","5":"has-post-thumbnail","7":"category-empresas","8":"tag-business","9":"tag-claudio-ramos","10":"tag-cristina-ferreira","11":"tag-dois-10","12":"tag-dois-a-s-10-dois-a-s-10","13":"tag-dois-a-s-dez","14":"tag-dois-as-10","15":"tag-dois-as-dez","16":"tag-dois-dez","17":"tag-doisas10","18":"tag-doisasdez","19":"tag-economy","20":"tag-empresas","21":"tag-espanha","22":"tag-manha-tvi","23":"tag-maria-botelho-moniz","24":"tag-mercadona","25":"tag-portugal","26":"tag-pt","27":"tag-supermercado"},"share_on_mastodon":{"url":"","error":""},"_links":{"self":[{"href":"https:\/\/www.europesays.com\/pt\/wp-json\/wp\/v2\/posts\/104350","targetHints":{"allow":["GET"]}}],"collection":[{"href":"https:\/\/www.europesays.com\/pt\/wp-json\/wp\/v2\/posts"}],"about":[{"href":"https:\/\/www.europesays.com\/pt\/wp-json\/wp\/v2\/types\/post"}],"author":[{"embeddable":true,"href":"https:\/\/www.europesays.com\/pt\/wp-json\/wp\/v2\/users\/2"}],"replies":[{"embeddable":true,"href":"https:\/\/www.europesays.com\/pt\/wp-json\/wp\/v2\/comments?post=104350"}],"version-history":[{"count":0,"href":"https:\/\/www.europesays.com\/pt\/wp-json\/wp\/v2\/posts\/104350\/revisions"}],"wp:featuredmedia":[{"embeddable":true,"href":"https:\/\/www.europesays.com\/pt\/wp-json\/wp\/v2\/media\/104351"}],"wp:attachment":[{"href":"https:\/\/www.europesays.com\/pt\/wp-json\/wp\/v2\/media?parent=104350"}],"wp:term":[{"taxonomy":"category","embeddable":true,"href":"https:\/\/www.europesays.com\/pt\/wp-json\/wp\/v2\/categories?post=104350"},{"taxonomy":"post_tag","embeddable":true,"href":"https:\/\/www.europesays.com\/pt\/wp-json\/wp\/v2\/tags?post=104350"}],"curies":[{"name":"wp","href":"https:\/\/api.w.org\/{rel}","templated":true}]}}