{"id":104370,"date":"2025-10-10T01:20:10","date_gmt":"2025-10-10T01:20:10","guid":{"rendered":"https:\/\/www.europesays.com\/pt\/104370\/"},"modified":"2025-10-10T01:20:10","modified_gmt":"2025-10-10T01:20:10","slug":"as-mensagens-inspiradoras-de-cristina-ferreira-que-estao-a-tocar-os-coracoes-dos-fas-secret-story","status":"publish","type":"post","link":"https:\/\/www.europesays.com\/pt\/104370\/","title":{"rendered":"As mensagens inspiradoras de Cristina Ferreira que est\u00e3o a tocar os cora\u00e7\u00f5es dos f\u00e3s &#8211; Secret Story"},"content":{"rendered":"<p style=\"margin-bottom:11px\"><strong>Esta quarta-feira,<\/strong> Cristina Ferreira voltou a<strong> inspirar os seus seguidores com uma publica\u00e7\u00e3o repleta de motiva\u00e7\u00e3o e positividade<\/strong>. A apresentadora\u00a0 partilhou nas redes sociais <strong>uma s\u00e9rie de fotografias acompanhadas de frases de incentivo<\/strong>, lembrando a import\u00e2ncia de cuidar do corpo, da mente e do bem-estar no dia a dia.<\/p>\n<p>Com a legenda \u201c<strong>Hoje j\u00e1 tens menos um dia. \ud83d\udd00\u2728\u201d<\/strong>, Cristina lan\u00e7ou <strong>um verdadeiro convite \u00e0 reflex\u00e3o e \u00e0 a\u00e7\u00e3o<\/strong>. Em cada imagem, destacou uma mensagem simples, mas poderosa, sobre disciplina, equil\u00edbrio e felicidade:<\/p>\n<ul>\n<li><strong>\u201cNingu\u00e9m faz por ti\u201d<\/strong><\/li>\n<li><strong>\u201cN\u00e3o \u00e9 um dia\u201d<\/strong><\/li>\n<li><strong>\u201cO foco \u00e9 dia ap\u00f3s dia\u201d<\/strong><\/li>\n<li><strong>\u201cA alimenta\u00e7\u00e3o \u00e9 o melhor combust\u00edvel. Escolhe o melhor\u201d<\/strong><\/li>\n<li><strong>\u201cMexe-te. \u00c9 pela tua sa\u00fade.\u201d<\/strong><\/li>\n<li><strong>\u201cMas \u00e9 tudo uma quest\u00e3o de equil\u00edbrio\u201d<\/strong><\/li>\n<li><strong>\u201cEscolhe o que te faz feliz. Hoje j\u00e1 tens um dia a menos.\u201d<\/strong><\/li>\n<\/ul>\n<p><strong>A publica\u00e7\u00e3o rapidamente somou milhares de gostos e coment\u00e1rios,<\/strong> com f\u00e3s e seguidores a elogiar a apresentadora pela sua energia inspiradora e atitude positiva.\u00a0Com mensagens simples, mas impactantes, <strong>Cristina Ferreira<\/strong> volta a lembrar que o tempo \u00e9 o nosso bem mais precioso, e que cada dia conta.<\/p>\n","protected":false},"excerpt":{"rendered":"Esta quarta-feira, Cristina Ferreira voltou a inspirar os seus seguidores com uma publica\u00e7\u00e3o repleta de motiva\u00e7\u00e3o e positividade.&hellip;\n","protected":false},"author":2,"featured_media":104371,"comment_status":"","ping_status":"","sticky":false,"template":"","format":"standard","meta":{"footnotes":""},"categories":[142],"tags":[18706,166,114,115,18705,13723,32,33,151,18704],"class_list":{"0":"post-104370","1":"post","2":"type-post","3":"status-publish","4":"format-standard","5":"has-post-thumbnail","7":"category-tv","8":"tag-bastidores-secret-story","9":"tag-cristina-ferreira","10":"tag-entertainment","11":"tag-entretenimento","12":"tag-entrevistas-concorrentes-tvi","13":"tag-inspiracao","14":"tag-portugal","15":"tag-pt","16":"tag-tv","17":"tag-vida-fora-da-casa"},"share_on_mastodon":{"url":"","error":""},"_links":{"self":[{"href":"https:\/\/www.europesays.com\/pt\/wp-json\/wp\/v2\/posts\/104370","targetHints":{"allow":["GET"]}}],"collection":[{"href":"https:\/\/www.europesays.com\/pt\/wp-json\/wp\/v2\/posts"}],"about":[{"href":"https:\/\/www.europesays.com\/pt\/wp-json\/wp\/v2\/types\/post"}],"author":[{"embeddable":true,"href":"https:\/\/www.europesays.com\/pt\/wp-json\/wp\/v2\/users\/2"}],"replies":[{"embeddable":true,"href":"https:\/\/www.europesays.com\/pt\/wp-json\/wp\/v2\/comments?post=104370"}],"version-history":[{"count":0,"href":"https:\/\/www.europesays.com\/pt\/wp-json\/wp\/v2\/posts\/104370\/revisions"}],"wp:featuredmedia":[{"embeddable":true,"href":"https:\/\/www.europesays.com\/pt\/wp-json\/wp\/v2\/media\/104371"}],"wp:attachment":[{"href":"https:\/\/www.europesays.com\/pt\/wp-json\/wp\/v2\/media?parent=104370"}],"wp:term":[{"taxonomy":"category","embeddable":true,"href":"https:\/\/www.europesays.com\/pt\/wp-json\/wp\/v2\/categories?post=104370"},{"taxonomy":"post_tag","embeddable":true,"href":"https:\/\/www.europesays.com\/pt\/wp-json\/wp\/v2\/tags?post=104370"}],"curies":[{"name":"wp","href":"https:\/\/api.w.org\/{rel}","templated":true}]}}