{"id":104380,"date":"2025-10-10T01:29:54","date_gmt":"2025-10-10T01:29:54","guid":{"rendered":"https:\/\/www.europesays.com\/pt\/104380\/"},"modified":"2025-10-10T01:29:54","modified_gmt":"2025-10-10T01:29:54","slug":"violacoes-subiram-no-martim-moniz-afirmacoes-de-moedas-nao-sao-corretas","status":"publish","type":"post","link":"https:\/\/www.europesays.com\/pt\/104380\/","title":{"rendered":"Viola\u00e7\u00f5es subiram no Martim Moniz? Afirma\u00e7\u00f5es de Moedas n\u00e3o s\u00e3o corretas"},"content":{"rendered":"<p>Foi durante uma entrevista \u00e0 SIC que o autarca de Lisboa, Carlos Moedas, afirmou que se havia registado um aumento &#8220;exponencial&#8221; de viola\u00e7\u00f5es na regi\u00e3o de Lisboa, mais especificamente na zona do Martim Moniz. Por\u00e9m, dados oficiais, citados pelo <a href=\"https:\/\/www.dn.pt\/sociedade\/violaes-em-lisboa-pj-confirma-aumento-sem-relao-com-zonas-de-imigrantes\" target=\"_blank\" rel=\"noopener nofollow\">Di\u00e1rio de Not\u00edcias<\/a>, referem que n\u00e3o \u00e9 bem assim.<\/p>\n<p>O presidente da C\u00e2mara de Lisboa era o entrevistado de J\u00falia Pinheiro, no programa da tarde do canal de Carnaxide, quando afirmou que o &#8220;n\u00famero de viola\u00e7\u00f5es aumentaram&#8221;. &#8220;Mas aumentaram exponencialmente, 60%! As viola\u00e7\u00f5es na cidade aumentaram! Eu n\u00e3o quero que as minhas filhas\u2026 N\u00e3o quero que elas sintam isso!\u201d <\/p>\n<p>O autarca, candidato \u00e0 C\u00e2mara de Lisboa nas elei\u00e7\u00f5es aut\u00e1rquicas de 12 de outubro, acrescentava ainda que as estat\u00edsticas se reportavam \u00e0 zona da 1.\u00aa Divis\u00e3o da PSP, &#8220;ou seja, ali na zona de Martim Moniz, Arroios&#8230;&#8221;<\/p>\n<p>A alega\u00e7\u00e3o, refere o Di\u00e1rio de Not\u00edcias, n\u00e3o est\u00e1 correta, dado que os dados a que se refere Carlos Moedas dizem respeito a toda a zona da 1.\u00ba Divis\u00e3o e que englobam, ainda, o Rossio, a Baixa, Arroios, e Alfama, zonas com um grande fluxo de pessoas. \u00c9 por isso errado, defende, associar este aumento a uma zona com maior n\u00famero de imigrantes.<\/p>\n<p>Dados da PSP e PJ<\/p>\n<p>Segundo os dados a que o DN teve acesso, registou-se um aumento de casos de viola\u00e7\u00e3o entre 2023 e 2024 nesta divis\u00e3o, passando de nove para 15.<\/p>\n<p>J\u00e1 em todo o munic\u00edpio de Lisboa, o total de participa\u00e7\u00f5es registadas pela PSP subiu 12%, passando de 49 em 2023 para 55 em 2024. Dados da Pol\u00edcia Judici\u00e1ria, autoridade que investiga os crimes de viola\u00e7\u00e3o, por sua vez, falam em 75 queixas no concelho em 2024, mais 17% do que no ano anterior.\u00a0<\/p>\n<p>Segundo a PJ, citada pelo mesmo jornal, n\u00e3o existe qualquer rela\u00e7\u00e3o entre este aumento e as zonas da cidade com maior presen\u00e7a de imigrantes, o que contrap\u00f5e a teoria de Carlos Moedas, escreve o Expresso.<\/p>\n<p>A par disso, note-se que em anos anteriores, entre 2022 e 2023, por exemplo, tinham sido registadas descidas no n\u00famero de queixas.<\/p>\n<p>Martim Moniz foi s\u00f3 a &#8220;t\u00edtulo de exemplo&#8221;<\/p>\n<p>Posto isto, a C\u00e2mara Municipal de Lisboa foi confrontada com as alega\u00e7\u00f5es do seu representante, questionando-se o porqu\u00ea de associarem este aumento especificamente \u00e0 zona do Martim Moniz.<\/p>\n<p>Em resposta, o gabinete do autarca respondeu que a men\u00e7\u00e3o ao Martim Moniz &#8220;foi a t\u00edtulo de exemplo&#8221;. <\/p>\n<p>&#8220;Faz parte da primeira divis\u00e3o, certo?&#8221;, ter\u00e1 ainda questionado, na mesma resposta.<\/p>\n<p>Associa\u00e7\u00e3o ao Martim Moniz \u00e9 errada<\/p>\n<p>Entretanto a Pol\u00edcia Judici\u00e1ria, ao mesmo jornal, explicou que existe efetivamente um maior registo de queixas deste tipo de crimes na regi\u00e3o de Lisboa. No entanto, especifica que as mesmas est\u00e3o, na sua maioria, relacionadas com situa\u00e7\u00f5es ocorridas de noite ou madrugada, nomeadamente &#8220;em bares ou discotecas, de utiliza\u00e7\u00e3o de qu\u00edmicos nas bebidas das mulheres que as deixam prostradas e indefesas \u00e0 viola\u00e7\u00e3o\u201d.<\/p>\n<p>Questionado se existe alguma rela\u00e7\u00e3o entre o acr\u00e9scimo de participa\u00e7\u00f5es registado em 2024 na cidade e o Martim Moniz, esta for\u00e7a policial nega que se possa ser feita essa associa\u00e7\u00e3o.\u00a0<\/p>\n<p>Leia Tamb\u00e9m: <a href=\"https:\/\/www.noticiasaominuto.com\/politica\/2866515\/leitao-sugere-a-moedas-que-se-preocupe-com-quem-esta-na-sua-campanha\" target=\"_blank\" rel=\"noopener noreferrer nofollow\">Leit\u00e3o sugere a Moedas que se preocupe com quem est\u00e1 na sua campanha<\/a><\/p>\n","protected":false},"excerpt":{"rendered":"Foi durante uma entrevista \u00e0 SIC que o autarca de Lisboa, Carlos Moedas, afirmou que se havia registado&hellip;\n","protected":false},"author":2,"featured_media":104381,"comment_status":"","ping_status":"","sticky":false,"template":"","format":"standard","meta":{"footnotes":""},"categories":[10],"tags":[27,28,15,16,14,25,26,21,22,12,13,19,20,32,23,24,33,17,18,29,30,31],"class_list":{"0":"post-104380","1":"post","2":"type-post","3":"status-publish","4":"format-standard","5":"has-post-thumbnail","7":"category-portugal","8":"tag-breaking-news","9":"tag-breakingnews","10":"tag-featured-news","11":"tag-featurednews","12":"tag-headlines","13":"tag-latest-news","14":"tag-latestnews","15":"tag-main-news","16":"tag-mainnews","17":"tag-news","18":"tag-noticias","19":"tag-noticias-principais","20":"tag-noticiasprincipais","21":"tag-portugal","22":"tag-principais-noticias","23":"tag-principaisnoticias","24":"tag-pt","25":"tag-top-stories","26":"tag-topstories","27":"tag-ultimas","28":"tag-ultimas-noticias","29":"tag-ultimasnoticias"},"share_on_mastodon":{"url":"","error":""},"_links":{"self":[{"href":"https:\/\/www.europesays.com\/pt\/wp-json\/wp\/v2\/posts\/104380","targetHints":{"allow":["GET"]}}],"collection":[{"href":"https:\/\/www.europesays.com\/pt\/wp-json\/wp\/v2\/posts"}],"about":[{"href":"https:\/\/www.europesays.com\/pt\/wp-json\/wp\/v2\/types\/post"}],"author":[{"embeddable":true,"href":"https:\/\/www.europesays.com\/pt\/wp-json\/wp\/v2\/users\/2"}],"replies":[{"embeddable":true,"href":"https:\/\/www.europesays.com\/pt\/wp-json\/wp\/v2\/comments?post=104380"}],"version-history":[{"count":0,"href":"https:\/\/www.europesays.com\/pt\/wp-json\/wp\/v2\/posts\/104380\/revisions"}],"wp:featuredmedia":[{"embeddable":true,"href":"https:\/\/www.europesays.com\/pt\/wp-json\/wp\/v2\/media\/104381"}],"wp:attachment":[{"href":"https:\/\/www.europesays.com\/pt\/wp-json\/wp\/v2\/media?parent=104380"}],"wp:term":[{"taxonomy":"category","embeddable":true,"href":"https:\/\/www.europesays.com\/pt\/wp-json\/wp\/v2\/categories?post=104380"},{"taxonomy":"post_tag","embeddable":true,"href":"https:\/\/www.europesays.com\/pt\/wp-json\/wp\/v2\/tags?post=104380"}],"curies":[{"name":"wp","href":"https:\/\/api.w.org\/{rel}","templated":true}]}}