{"id":104406,"date":"2025-10-10T02:03:18","date_gmt":"2025-10-10T02:03:18","guid":{"rendered":"https:\/\/www.europesays.com\/pt\/104406\/"},"modified":"2025-10-10T02:03:18","modified_gmt":"2025-10-10T02:03:18","slug":"secret-story-francisco-monteiro-avisa-dylan-espero-bem-que-nao-seja","status":"publish","type":"post","link":"https:\/\/www.europesays.com\/pt\/104406\/","title":{"rendered":"Secret Story&#8221;. Francisco Monteiro avisa Dylan: &#8220;Espero bem que n\u00e3o seja"},"content":{"rendered":"<p>Francisco Monteiro escreveu sobre <a href=\"https:\/\/selfie.iol.pt\/famosos\/dylan\/secret-story-familia-de-dylan-nao-apoia-namoro-com-vera-esta-a-ser-precipitado\/20251007\/68e4cc8bd34e58bc67969873\" target=\"_blank\" rel=\"nofollow noopener\">Dylan<\/a>, concorrente do &#8220;Secret Story&#8221;, da TVI, no respetivo Instagram, na madrugada desta quinta-feira, dia 9.<\/p>\n<p>&#8220;Espero bem que o segredo do Dylan n\u00e3o seja o que lhe \u00e9 apontado&#8221;, come\u00e7ou por referir Zaza, como \u00e9 carinhosamente tratado.<\/p>\n<p>&#8220;Caso contr\u00e1rio, est\u00e1 a dar de bandeja o seu pr\u00f3prio segredo. O pior de tudo, \u00e9 que nem \u00e9 propositado&#8221;, rematou.<\/p>\n<p>Veja, agora, a publica\u00e7\u00e3o de Francisco Monteiro.<\/p>\n<p style=\"text-align:center\"><img loading=\"lazy\" decoding=\"async\" alt=\"\" height=\"545\" src=\"https:\/\/www.europesays.com\/pt\/wp-content\/uploads\/2025\/10\/68e766d7d34e58bc6796ade1.webp\" width=\"307\"\/><\/p>\n<p>\u00a0<\/p>\n","protected":false},"excerpt":{"rendered":"Francisco Monteiro escreveu sobre Dylan, concorrente do &#8220;Secret Story&#8221;, da TVI, no respetivo Instagram, na madrugada desta quinta-feira,&hellip;\n","protected":false},"author":2,"featured_media":104407,"comment_status":"","ping_status":"","sticky":false,"template":"","format":"standard","meta":{"footnotes":""},"categories":[142],"tags":[19105,114,115,980,2071,1015,619,32,33,1014,1315,1012,151,162],"class_list":{"0":"post-104406","1":"post","2":"type-post","3":"status-publish","4":"format-standard","5":"has-post-thumbnail","7":"category-tv","8":"tag-dylan","9":"tag-entertainment","10":"tag-entretenimento","11":"tag-famosos","12":"tag-francisco-monteiro","13":"tag-instagram","14":"tag-nacional","15":"tag-portugal","16":"tag-pt","17":"tag-reality-show","18":"tag-secret-story","19":"tag-selfie","20":"tag-tv","21":"tag-tvi"},"share_on_mastodon":{"url":"","error":""},"_links":{"self":[{"href":"https:\/\/www.europesays.com\/pt\/wp-json\/wp\/v2\/posts\/104406","targetHints":{"allow":["GET"]}}],"collection":[{"href":"https:\/\/www.europesays.com\/pt\/wp-json\/wp\/v2\/posts"}],"about":[{"href":"https:\/\/www.europesays.com\/pt\/wp-json\/wp\/v2\/types\/post"}],"author":[{"embeddable":true,"href":"https:\/\/www.europesays.com\/pt\/wp-json\/wp\/v2\/users\/2"}],"replies":[{"embeddable":true,"href":"https:\/\/www.europesays.com\/pt\/wp-json\/wp\/v2\/comments?post=104406"}],"version-history":[{"count":0,"href":"https:\/\/www.europesays.com\/pt\/wp-json\/wp\/v2\/posts\/104406\/revisions"}],"wp:featuredmedia":[{"embeddable":true,"href":"https:\/\/www.europesays.com\/pt\/wp-json\/wp\/v2\/media\/104407"}],"wp:attachment":[{"href":"https:\/\/www.europesays.com\/pt\/wp-json\/wp\/v2\/media?parent=104406"}],"wp:term":[{"taxonomy":"category","embeddable":true,"href":"https:\/\/www.europesays.com\/pt\/wp-json\/wp\/v2\/categories?post=104406"},{"taxonomy":"post_tag","embeddable":true,"href":"https:\/\/www.europesays.com\/pt\/wp-json\/wp\/v2\/tags?post=104406"}],"curies":[{"name":"wp","href":"https:\/\/api.w.org\/{rel}","templated":true}]}}