{"id":104410,"date":"2025-10-10T02:06:12","date_gmt":"2025-10-10T02:06:12","guid":{"rendered":"https:\/\/www.europesays.com\/pt\/104410\/"},"modified":"2025-10-10T02:06:12","modified_gmt":"2025-10-10T02:06:12","slug":"video-froholdt-estreia-se-a-marcar-e-assiste-na-goleada-da-dinamarca","status":"publish","type":"post","link":"https:\/\/www.europesays.com\/pt\/104410\/","title":{"rendered":"V\u00cdDEO: Froholdt estreia-se a marcar e assiste na goleada da Dinamarca"},"content":{"rendered":"<p>A Dinamarca, com os m\u00e9dios Victor Froholdt (FC Porto) e Morten Hjulmand (Sporting) a titulares, goleou a Bielorr\u00fassia por 6-0, na terceira jornada do grupo C da qualifica\u00e7\u00e3o europeia para o Mundial 2026, esta quinta-feira. O m\u00e9dio dos drag\u00f5es destacou-se com um golo e uma assist\u00eancia, estreando-se mesmo a marcar pela sele\u00e7\u00e3o principal do seu pa\u00eds, \u00e0 quinta internacionaliza\u00e7\u00e3o A.<\/p>\n<p>Na ZTE Arena, em Zalaegerszeg, na Hungria \u2013 que serviu de casa emprestada aos bielorrussos \u2013 Froholdt abriu o marcador com uma finaliza\u00e7\u00e3o de p\u00e9 direito na \u00e1rea, aos 14 minutos, assistido por Andreas Christensen.<\/p>\n<p>Pouco depois, ao minuto 19, Froholdt assistiu Rasmus Hojlund para o 2-0, com um toque ao segundo poste, na \u00e1rea, ap\u00f3s um cruzamento do lado direito, com Hojlund a desviar na cara do guarda-redes.<\/p>\n<p>A fechar a primeira parte, Hojlund bisou para o 3-0 (45m) e Patrick Dorgu fez o 4-0 (45+6m). Na segunda parte, Anders Dreyer entrou ao minuto 66 e bisou para fechar o resultado em 6-0, com golos aos 66 e 78 minutos. Por essa altura j\u00e1 n\u00e3o estavam em campo Froholdt (saiu ao intervalo) e Hjulmand (saiu ao minuto 64).<\/p>\n<p>No outro jogo do grupo, <a href=\"https:\/\/maisfutebol.iol.pt\/internacional\/vangelis-pavlidis\/video-falhanco-de-pavlidis-erro-incrivel-do-guarda-redes-e-grecia-perde\" target=\"_blank\" rel=\"nofollow noopener\"><strong>a Gr\u00e9cia, com Giorgios Vagiannidis (Sporting) e Vangelis Pavlidis (Benfica) no onze inicial, al\u00e9m de Fotis Ioannidis (Sporting) como suplente utilizado, perdeu por 3-1<\/strong><\/a>, na visita \u00e0 Esc\u00f3cia, com reviravolta, complicando as contas pelo apuramento para o Mundial.<\/p>\n<p>A Dinamarca segue na lideran\u00e7a do grupo, com sete pontos, os mesmos da Esc\u00f3cia. A Gr\u00e9cia est\u00e1 no terceiro lugar com tr\u00eas pontos e a Bielorr\u00fassia em quarto e \u00faltimo, ainda sem pontos.<\/p>\n<p><strong>J\u00e1 segue o\u00a0<a href=\"http:\/\/whatsapp.com\/channel\/0029Va9lGKPGOj9nW79Pd117\" title=\"http:\/\/whatsapp.com\/channel\/0029Va9lGKPGOj9nW79Pd117\" rel=\"nofollow noopener\" target=\"_blank\">canal de Whatsapp do Maisfutebol<\/a>?<\/strong>\u00a0<\/p>\n","protected":false},"excerpt":{"rendered":"A Dinamarca, com os m\u00e9dios Victor Froholdt (FC Porto) e Morten Hjulmand (Sporting) a titulares, goleou a Bielorr\u00fassia&hellip;\n","protected":false},"author":2,"featured_media":104411,"comment_status":"","ping_status":"","sticky":false,"template":"","format":"standard","meta":{"footnotes":""},"categories":[87],"tags":[24451,135,4639,282,5933,4930,82,46,2075,12632,32,33,47,5434,134,961],"class_list":{"0":"post-104410","1":"post","2":"type-post","3":"status-publish","4":"format-standard","5":"has-post-thumbnail","7":"category-desporto","8":"tag-apuramento-mundial-2026","9":"tag-desporto","10":"tag-dinamarca","11":"tag-fc-porto","12":"tag-froholdt","13":"tag-hjulmand","14":"tag-internacional","15":"tag-maisfutebol","16":"tag-morten-hjulmand","17":"tag-mundial-2026","18":"tag-portugal","19":"tag-pt","20":"tag-pura-paixao","21":"tag-resultados-hoje","22":"tag-sports","23":"tag-victor-froholdt"},"share_on_mastodon":{"url":"","error":""},"_links":{"self":[{"href":"https:\/\/www.europesays.com\/pt\/wp-json\/wp\/v2\/posts\/104410","targetHints":{"allow":["GET"]}}],"collection":[{"href":"https:\/\/www.europesays.com\/pt\/wp-json\/wp\/v2\/posts"}],"about":[{"href":"https:\/\/www.europesays.com\/pt\/wp-json\/wp\/v2\/types\/post"}],"author":[{"embeddable":true,"href":"https:\/\/www.europesays.com\/pt\/wp-json\/wp\/v2\/users\/2"}],"replies":[{"embeddable":true,"href":"https:\/\/www.europesays.com\/pt\/wp-json\/wp\/v2\/comments?post=104410"}],"version-history":[{"count":0,"href":"https:\/\/www.europesays.com\/pt\/wp-json\/wp\/v2\/posts\/104410\/revisions"}],"wp:featuredmedia":[{"embeddable":true,"href":"https:\/\/www.europesays.com\/pt\/wp-json\/wp\/v2\/media\/104411"}],"wp:attachment":[{"href":"https:\/\/www.europesays.com\/pt\/wp-json\/wp\/v2\/media?parent=104410"}],"wp:term":[{"taxonomy":"category","embeddable":true,"href":"https:\/\/www.europesays.com\/pt\/wp-json\/wp\/v2\/categories?post=104410"},{"taxonomy":"post_tag","embeddable":true,"href":"https:\/\/www.europesays.com\/pt\/wp-json\/wp\/v2\/tags?post=104410"}],"curies":[{"name":"wp","href":"https:\/\/api.w.org\/{rel}","templated":true}]}}