{"id":104468,"date":"2025-10-10T03:17:18","date_gmt":"2025-10-10T03:17:18","guid":{"rendered":"https:\/\/www.europesays.com\/pt\/104468\/"},"modified":"2025-10-10T03:17:18","modified_gmt":"2025-10-10T03:17:18","slug":"antigo-dirigente-da-juventus-recorda-cristiano-ronaldoate-analisava-garrafas-de-agua","status":"publish","type":"post","link":"https:\/\/www.europesays.com\/pt\/104468\/","title":{"rendered":"Antigo dirigente da Juventus recorda Cristiano Ronaldo:\u00abAt\u00e9 analisava garrafas de \u00e1gua\u00bb"},"content":{"rendered":"<p>&#8211; Advertisement &#8211;<\/p>\n<p><strong>Giuseppe Marotta, antigo dirigente da Juventus e atual CEO do Inter Mil\u00e3o, recordou a passagem de Cristiano Ronaldo por It\u00e1lia, destacando o profissionalismo e o n\u00edvel de detalhe do portugu\u00eas nos treinos e nos cuidados pessoais.<\/strong><\/p>\n<p><a href=\"https:\/\/bolanarede.pt\/etiqueta\/giuseppe-marotta\/\" target=\"_blank\" rel=\"noreferrer noopener nofollow\">Giuseppe Marotta<\/a>, hoje dirigente do Inter Mil\u00e3o mas outrora respons\u00e1vel pela gest\u00e3o da Juventus, elogiou a dedica\u00e7\u00e3o de Cristiano Ronaldo durante o per\u00edodo em que o portugu\u00eas vestiu a camisola do clube de Turim.<\/p>\n<p>\u00abNa\u00a0Juventus, tive a sorte de ter\u00a0Cristiano Ronaldo. Era diferente dos outros porque at\u00e9 analisava garrafas de \u00e1gua. Ia ao m\u00e9dico e perguntava o que havia nas garrafas de \u00e1gua, as suas caracter\u00edsticas. Se ainda \u00e9 um campe\u00e3o hoje, tamb\u00e9m \u00e9 um campe\u00e3o em coisas assim. O algoritmo, no entanto, ajuda muito, mas n\u00e3o \u00e9 decisivo\u00bb, apontou.\u00a0<\/p>\n<p>O dirigente v\u00ea ainda como positiva a <a href=\"https:\/\/bolanarede.pt\/especial-bola-na-rede\/atualidade\/luka-modric-e-reforco-do-ac-milan-depois-de-deixar-o-real-madrid-a-custo-zero\/\" target=\"_blank\" rel=\"noreferrer noopener nofollow\">chegada de\u00a0Luka Modric\u00a0ao futebol italiano<\/a>.<\/p>\n<p>\u00abN\u00e3o acho preocupante que um jogador de 40 anos esteja a jogar a este n\u00edvel aqui. Vejo-o como uma propaganda positiva para o futebol italiano. Os nossos filhos apaixonam-se quando veem um jogador assim. A nossa liga est\u00e1 em transi\u00e7\u00e3o e n\u00e3o \u00e9 mais o\u00a0El Dorado\u00a0dos anos 2000. Todos os grandes clubes italianos gastam no m\u00e1ximo 30\/35 milh\u00f5es por um jogador de 2004, 2005 ou 2006\u00bb, referiu o dirigente.<\/p>\n<p><a href=\"https:\/\/bolanarede.pt\/etiqueta\/cristiano-ronaldo\/\" target=\"_blank\" rel=\"noreferrer noopener nofollow\">Cristiano Ronaldo<\/a>, agora no\u00a0Al Nassr, rumou \u00e0\u00a0Juventus\u00a0no ver\u00e3o de 2018, onde fez 134 jogos, marcou 101 golos e conquistou a Serie A  por duas ocasi\u00f5es.<\/p>\n","protected":false},"excerpt":{"rendered":"&#8211; Advertisement &#8211; Giuseppe Marotta, antigo dirigente da Juventus e atual CEO do Inter Mil\u00e3o, recordou a passagem&hellip;\n","protected":false},"author":2,"featured_media":104469,"comment_status":"","ping_status":"","sticky":false,"template":"","format":"standard","meta":{"footnotes":""},"categories":[87],"tags":[260,667,135,25226,690,32,33,2101,134],"class_list":{"0":"post-104468","1":"post","2":"type-post","3":"status-publish","4":"format-standard","5":"has-post-thumbnail","7":"category-desporto","8":"tag-atualidade","9":"tag-cristiano-ronaldo","10":"tag-desporto","11":"tag-giuseppe-marotta","12":"tag-juventus","13":"tag-portugal","14":"tag-pt","15":"tag-serie-a","16":"tag-sports"},"share_on_mastodon":{"url":"","error":""},"_links":{"self":[{"href":"https:\/\/www.europesays.com\/pt\/wp-json\/wp\/v2\/posts\/104468","targetHints":{"allow":["GET"]}}],"collection":[{"href":"https:\/\/www.europesays.com\/pt\/wp-json\/wp\/v2\/posts"}],"about":[{"href":"https:\/\/www.europesays.com\/pt\/wp-json\/wp\/v2\/types\/post"}],"author":[{"embeddable":true,"href":"https:\/\/www.europesays.com\/pt\/wp-json\/wp\/v2\/users\/2"}],"replies":[{"embeddable":true,"href":"https:\/\/www.europesays.com\/pt\/wp-json\/wp\/v2\/comments?post=104468"}],"version-history":[{"count":0,"href":"https:\/\/www.europesays.com\/pt\/wp-json\/wp\/v2\/posts\/104468\/revisions"}],"wp:featuredmedia":[{"embeddable":true,"href":"https:\/\/www.europesays.com\/pt\/wp-json\/wp\/v2\/media\/104469"}],"wp:attachment":[{"href":"https:\/\/www.europesays.com\/pt\/wp-json\/wp\/v2\/media?parent=104468"}],"wp:term":[{"taxonomy":"category","embeddable":true,"href":"https:\/\/www.europesays.com\/pt\/wp-json\/wp\/v2\/categories?post=104468"},{"taxonomy":"post_tag","embeddable":true,"href":"https:\/\/www.europesays.com\/pt\/wp-json\/wp\/v2\/tags?post=104468"}],"curies":[{"name":"wp","href":"https:\/\/api.w.org\/{rel}","templated":true}]}}