{"id":104551,"date":"2025-10-10T05:41:29","date_gmt":"2025-10-10T05:41:29","guid":{"rendered":"https:\/\/www.europesays.com\/pt\/104551\/"},"modified":"2025-10-10T05:41:29","modified_gmt":"2025-10-10T05:41:29","slug":"rival-da-mercadona-lidl-e-ate-primark-abre-mais-tres-lojas-gigantes-em-portugal-noticias-de-hoje","status":"publish","type":"post","link":"https:\/\/www.europesays.com\/pt\/104551\/","title":{"rendered":"Rival da Mercadona, Lidl e at\u00e9 Primark abre mais tr\u00eas lojas gigantes em Portugal &#8211; Not\u00edcias de hoje"},"content":{"rendered":"<p style=\"margin-bottom:11px\">Esta gigante europeia &#8216;low-cost&#8217; parece um cruzamento feliz entre lojas que adoramos como a Mercadona, o Lidl, a Primark, a Tiger ou a Normal. Na<strong> Action<\/strong> encontramos milhares de produtos (cerca de 6 mil, para sermos mais precisos) a pre\u00e7os inacredit\u00e1veis, com cerca de 1500 a custarem menos de 1 euro.<\/p>\n<p style=\"margin-bottom:11px\">Depois de ter chegado ao Pa\u00eds no ano passado, a marca prepara-se agora para abrir mais\u00a0<strong data-end=\"640\" data-start=\"620\">tr\u00eas novas lojas. De acordo com a<a href=\"https:\/\/www.nit.pt\/compras\/lojas-e-marcas\/expansao-das-low-cost-continua-action-vai-abrir-mais-3-lojas-em-portugal\" target=\"_blank\" rel=\"nofollow noopener\"> NiT,<\/a>\u00a0<\/strong>\u00a0&#8220;embora ainda n\u00e3o haja data de abertura \u2014 ou localiza\u00e7\u00e3o concreta \u2014 sabe-se que ficar\u00e3o na Amadora, Oeiras e Covilh\u00e3&#8221;.\u00a0A empresa j\u00e1 se encontra a\u00a0<a href=\"https:\/\/pt.action.jobs\/vagas\/lojas\" target=\"_blank\" rel=\"nofollow noopener\">contratar<\/a>\u00a0colaboradores para cada uma das lojas.<\/p>\n<p data-end=\"1382\" data-start=\"1015\">Nas prateleiras desta loja low cost, \u00e9 poss\u00edvel encontrar um pouco de tudo: desde <strong data-end=\"1312\" data-start=\"1251\">brinquedos, artigos de decora\u00e7\u00e3o e utens\u00edlios para a casa<\/strong>, at\u00e9 <strong data-end=\"1379\" data-start=\"1318\">ferramentas de bricolage, produtos de jardinagem e snacks<\/strong>.<\/p>\n<p data-end=\"1789\" data-start=\"1384\">Mas a marca n\u00e3o aposta apenas no pre\u00e7o. A <strong data-end=\"1446\" data-start=\"1426\">sustentabilidade<\/strong> \u00e9 tamb\u00e9m uma prioridade para a cadeia holandesa, que afirma que \u201c<strong data-end=\"1577\" data-start=\"1512\">\u00e9 poss\u00edvel poupar e fazer escolhas conscientes ao mesmo tempo<\/strong>\u201d. De acordo com a empresa, <strong data-end=\"1637\" data-start=\"1605\">100% dos produtos de algod\u00e3o<\/strong> e <strong data-end=\"1670\" data-start=\"1640\">94% dos artigos de madeira<\/strong> vendidos nas lojas <strong data-end=\"1723\" data-start=\"1690\">prov\u00eam de fontes sustent\u00e1veis<\/strong> \u2014 uma aposta que tem conquistado consumidores em toda a Europa.<\/p>\n<p data-end=\"1789\" data-start=\"1384\"><strong>Percorra a galeria acima e veja os artigos incr\u00edveis que a loja oferece.<\/strong><\/p>\n","protected":false},"excerpt":{"rendered":"Esta gigante europeia &#8216;low-cost&#8217; parece um cruzamento feliz entre lojas que adoramos como a Mercadona, o Lidl, a&hellip;\n","protected":false},"author":2,"featured_media":104552,"comment_status":"","ping_status":"","sticky":false,"template":"","format":"standard","meta":{"footnotes":""},"categories":[83],"tags":[7575,88,89,90,488,3425,25241,13,32,33],"class_list":{"0":"post-104551","1":"post","2":"type-post","3":"status-publish","4":"format-standard","5":"has-post-thumbnail","7":"category-empresas","8":"tag-action","9":"tag-business","10":"tag-economy","11":"tag-empresas","12":"tag-iol","13":"tag-lojas","14":"tag-lojas-low-cost","15":"tag-noticias","16":"tag-portugal","17":"tag-pt"},"share_on_mastodon":{"url":"","error":""},"_links":{"self":[{"href":"https:\/\/www.europesays.com\/pt\/wp-json\/wp\/v2\/posts\/104551","targetHints":{"allow":["GET"]}}],"collection":[{"href":"https:\/\/www.europesays.com\/pt\/wp-json\/wp\/v2\/posts"}],"about":[{"href":"https:\/\/www.europesays.com\/pt\/wp-json\/wp\/v2\/types\/post"}],"author":[{"embeddable":true,"href":"https:\/\/www.europesays.com\/pt\/wp-json\/wp\/v2\/users\/2"}],"replies":[{"embeddable":true,"href":"https:\/\/www.europesays.com\/pt\/wp-json\/wp\/v2\/comments?post=104551"}],"version-history":[{"count":0,"href":"https:\/\/www.europesays.com\/pt\/wp-json\/wp\/v2\/posts\/104551\/revisions"}],"wp:featuredmedia":[{"embeddable":true,"href":"https:\/\/www.europesays.com\/pt\/wp-json\/wp\/v2\/media\/104552"}],"wp:attachment":[{"href":"https:\/\/www.europesays.com\/pt\/wp-json\/wp\/v2\/media?parent=104551"}],"wp:term":[{"taxonomy":"category","embeddable":true,"href":"https:\/\/www.europesays.com\/pt\/wp-json\/wp\/v2\/categories?post=104551"},{"taxonomy":"post_tag","embeddable":true,"href":"https:\/\/www.europesays.com\/pt\/wp-json\/wp\/v2\/tags?post=104551"}],"curies":[{"name":"wp","href":"https:\/\/api.w.org\/{rel}","templated":true}]}}