{"id":104593,"date":"2025-10-10T06:37:36","date_gmt":"2025-10-10T06:37:36","guid":{"rendered":"https:\/\/www.europesays.com\/pt\/104593\/"},"modified":"2025-10-10T06:37:36","modified_gmt":"2025-10-10T06:37:36","slug":"ruben-boa-nova-aplaude-expulsao-de-sandro-da-casa-dos-segredos-e-com-farpas","status":"publish","type":"post","link":"https:\/\/www.europesays.com\/pt\/104593\/","title":{"rendered":"Ruben Boa Nova &#8216;aplaude&#8217; expuls\u00e3o de Sandro da Casa dos Segredos e com farpas"},"content":{"rendered":"<p>  <img width=\"780\" height=\"470\" src=\"https:\/\/www.europesays.com\/pt\/wp-content\/uploads\/2025\/10\/ruben-boa-nova-780x470.jpg\" alt=\"Ruben Boa Nova aplaude expuls\u00e3o de Sandro da Casa dos Segredos e com farpas\" data-main-img=\"1\" decoding=\"async\" fetchpriority=\"high\"\/>   Ruben Boa Nova aplaude expuls\u00e3o de Sandro da Casa dos Segredos e com farpasSandro de 44 anos, foi expulso da Casa dos Segredos. Ruben Boa Nova, deu algumas farpas nas redes sociais.<\/p>\n<p>Afinal, quem \u00e9 o algarvio, o barbeiro do Ronaldo? Teve uma inf\u00e2ncia marcada por dificuldades e grandes desafios, mas afirma que cada obst\u00e1culo o ajudou a tornar-se mais forte e resiliente. <strong>Pai de tr\u00eas filhas, mant\u00e9m uma rela\u00e7\u00e3o com uma jovem de 20 anos. En\u00e9rgico, bem-disposto e determinado, garante que j\u00e1 superou muito na vida \u2014 e que est\u00e1 mais do que preparado para enfrentar este novo desafio.<\/strong><\/p>\n<p><strong><a href=\"https:\/\/dioguinho.com\/o-que-diz-o-sandro-da-casa-dos-segredos-apos-ser-expulso\/\" rel=\"nofollow noopener\" target=\"_blank\">Ap\u00f3s ter sa\u00eddo do SS9, falou da acerca da Liliana ter sido noiva, disse, <\/a><\/strong>\u201cEu sabia que havia ali qualquer coisa porque ela sempre me disse tu n\u00e3o sabes o que \u00e9 que eu devo fazer para vir para aqui. Eu sabia que havia ali qualquer coisa e era relacionada com o namorado, mas n\u00e3o contava com isso. A maior bomba foi o mesmo casal, Marisa e Pedro Jorge, que est\u00e3o a fazer um super jogo porque acho que ningu\u00e9m vai acertar nisso.\u201d<\/p>\n<p><a href=\"https:\/\/www.europesays.com\/pt\/wp-content\/uploads\/2025\/10\/RBN.png\">  <img loading=\"lazy\" decoding=\"async\" src=\"https:\/\/www.europesays.com\/pt\/wp-content\/uploads\/2025\/10\/RBN.png\" alt=\"Rascunho autom\u00e1tico\" width=\"627\" height=\"1143\"  \/>  <\/a>Rascunho autom\u00e1tico  <\/p>\n","protected":false},"excerpt":{"rendered":"Ruben Boa Nova aplaude expuls\u00e3o de Sandro da Casa dos Segredos e com farpasSandro de 44 anos, foi&hellip;\n","protected":false},"author":2,"featured_media":104594,"comment_status":"","ping_status":"","sticky":false,"template":"","format":"standard","meta":{"footnotes":""},"categories":[145],"tags":[2632,13471,211,210,20079,114,115,32,33,6985,16686,20081,20082,162],"class_list":{"0":"post-104593","1":"post","2":"type-post","3":"status-publish","4":"format-standard","5":"has-post-thumbnail","7":"category-celebridades","8":"tag-casa-dos-segredos","9":"tag-casa-dos-segredos-9","10":"tag-celebridades","11":"tag-celebrities","12":"tag-concorrentes-casa-dos-segredos","13":"tag-entertainment","14":"tag-entretenimento","15":"tag-portugal","16":"tag-pt","17":"tag-secret-story-casa-dos-segredos","18":"tag-secret-story-9","19":"tag-sondagem-casa-dos-segredos","20":"tag-sondagens-casa-dos-segredos","21":"tag-tvi"},"share_on_mastodon":{"url":"","error":""},"_links":{"self":[{"href":"https:\/\/www.europesays.com\/pt\/wp-json\/wp\/v2\/posts\/104593","targetHints":{"allow":["GET"]}}],"collection":[{"href":"https:\/\/www.europesays.com\/pt\/wp-json\/wp\/v2\/posts"}],"about":[{"href":"https:\/\/www.europesays.com\/pt\/wp-json\/wp\/v2\/types\/post"}],"author":[{"embeddable":true,"href":"https:\/\/www.europesays.com\/pt\/wp-json\/wp\/v2\/users\/2"}],"replies":[{"embeddable":true,"href":"https:\/\/www.europesays.com\/pt\/wp-json\/wp\/v2\/comments?post=104593"}],"version-history":[{"count":0,"href":"https:\/\/www.europesays.com\/pt\/wp-json\/wp\/v2\/posts\/104593\/revisions"}],"wp:featuredmedia":[{"embeddable":true,"href":"https:\/\/www.europesays.com\/pt\/wp-json\/wp\/v2\/media\/104594"}],"wp:attachment":[{"href":"https:\/\/www.europesays.com\/pt\/wp-json\/wp\/v2\/media?parent=104593"}],"wp:term":[{"taxonomy":"category","embeddable":true,"href":"https:\/\/www.europesays.com\/pt\/wp-json\/wp\/v2\/categories?post=104593"},{"taxonomy":"post_tag","embeddable":true,"href":"https:\/\/www.europesays.com\/pt\/wp-json\/wp\/v2\/tags?post=104593"}],"curies":[{"name":"wp","href":"https:\/\/api.w.org\/{rel}","templated":true}]}}