{"id":104617,"date":"2025-10-10T06:59:14","date_gmt":"2025-10-10T06:59:14","guid":{"rendered":"https:\/\/www.europesays.com\/pt\/104617\/"},"modified":"2025-10-10T06:59:14","modified_gmt":"2025-10-10T06:59:14","slug":"em-que-parte-do-rosto-nao-deves-aplicar-maquilhagem-depois-dos-50-anos","status":"publish","type":"post","link":"https:\/\/www.europesays.com\/pt\/104617\/","title":{"rendered":"Em que parte do rosto n\u00e3o deves aplicar maquilhagem depois dos 50 anos"},"content":{"rendered":"<p>Com o passar dos anos, a rela\u00e7\u00e3o com a maquilhagem transforma-se. A partir dos 50 uma das principais preocupa\u00e7\u00f5es passa por procurar evitar t\u00e9cnicas que <a href=\"https:\/\/versa.iol.pt\/preenchimento-facial\/rugas\/preenchimentos-faciais-fazer-porque-toda-a-gente-faz-e-o-primeiro-erro\/20250817\/6899c6aad34e3f0baea18081\" rel=\"nofollow noopener\" target=\"_blank\">acentuem os sinais da idade<\/a>.<\/p>\n<p>Segundo Patricia Carretero, makeup artist da marca Perricone MD, e colaboradora da <a href=\"https:\/\/www.glamour.es\/articulos\/donde-aplicar-maquillaje-si-has-cumplido-50-segun-maquilladora-profesional\" target=\"_blank\" rel=\"nofollow noopener\">revista Glamour<\/a>, &#8220;a chave est\u00e1 em visualizar uma linha invis\u00edvel que percorre o rosto e que indica em que locais aplicar e n\u00e3o aplicar determinados produtos, como o contorno ou o blush&#8221;. Esta \u201clinha imagin\u00e1ria\u201d, explica a especialista, parte do sulco nasolabial (as linhas que se formam entre o nariz e a boca) e estende-se horizontalmente at\u00e9 aos extremos do rosto.<\/p>\n<p>Toma nota das regras:<\/p>\n<p>\u2013 Tudo o que ficar abaixo dessa linha deve receber apenas <a href=\"https:\/\/versa.iol.pt\/base\/supermercado\/sim-a-melhor-base-de-2025-vende-se-no-supermercado\/20250926\/68d3f59ed34ee0c2fed079ff\" rel=\"nofollow noopener\" target=\"_blank\">base ou corretor<\/a>, nada de blush, bronzer ou contorno. &#8220;Se o blush ou o contorno ultrapassarem essa linha, o rosto perde firmeza e os p\u00f3mulos [ossos e proemin\u00eancias localizados nas ma\u00e7\u00e3s do rosto] parecem mais ca\u00eddos\u201d, explica Carretero.<\/p>\n<p>\u2013 \u201cEm contrapartida, ao aplicares o tra\u00e7o por cima, a ilus\u00e3o \u00f3ptica muda por completo: os p\u00f3mulos parecem mais altos, os tra\u00e7os ficam mais firmes e o conjunto rejuvenesce.\u201d<\/p>\n<p>A chamada \u201ct\u00e9nue linha vermelha\u201d \u00e9, portanto, uma fronteira que conv\u00e9m n\u00e3o cruzar.\u00a0\u00a0<\/p>\n<p>Outro erro\u00a0comum \u00e9 desenhar o blush demasiado perto dessa linha imagin\u00e1ria, o que pode alargar e \u201cpesar\u201d o rosto. Eis a regra:<\/p>\n<p>\u2013 Aplicar o produto na parte alta do p\u00f3mulo e esbat\u00ea-lo suavemente em dire\u00e7\u00e3o \u00e0 t\u00eampora. \u201c\u00c9 um gesto m\u00ednimo, quase impercet\u00edvel, mas tremendamente eficaz\u201d, afirma.<\/p>\n<p>A makeup artist deixa ainda dois truques extra para quem procura um efeito rejuvenescedor:<\/p>\n<p>\u2013 Primeiro, usar uma base ligeiramente mais clara sob a cauda do olho para criar um ponto de luz que eleva a express\u00e3o;<\/p>\n<p>\u2013 Segundo, escolher bem o tom de blush. \u201cTanto os rosados como os tons p\u00eassego s\u00e3o os que mais rejuvenescem\u201d.<\/p>\n<p>Maquilhar depois dos 50, \u201cn\u00e3o se trata de sobrecarregar o rosto com camadas de produtos, mas sim de aprender a aplic\u00e1-los exatamente no lugar certo para que funcionem a nosso favor\u201d.\u00a0\u00a0<\/p>\n<p>Deixamos v\u00e1rias propostas na galeria de imagens.\u00a0<\/p>\n","protected":false},"excerpt":{"rendered":"Com o passar dos anos, a rela\u00e7\u00e3o com a maquilhagem transforma-se. A partir dos 50 uma das principais&hellip;\n","protected":false},"author":2,"featured_media":104618,"comment_status":"","ping_status":"","sticky":false,"template":"","format":"standard","meta":{"footnotes":""},"categories":[85],"tags":[1081,25245,25246,25247,204,114,115,754,3474,186,17288,1079,32,33,1078,1080],"class_list":{"0":"post-104617","1":"post","2":"type-post","3":"status-publish","4":"format-standard","5":"has-post-thumbnail","7":"category-entretenimento","8":"tag-beleza","9":"tag-blush","10":"tag-bronzer","11":"tag-contorno","12":"tag-design","13":"tag-entertainment","14":"tag-entretenimento","15":"tag-gastronomia","16":"tag-idade","17":"tag-lifestyle","18":"tag-maquilhagem","19":"tag-moda","20":"tag-portugal","21":"tag-pt","22":"tag-versa","23":"tag-viagens"},"share_on_mastodon":{"url":"","error":""},"_links":{"self":[{"href":"https:\/\/www.europesays.com\/pt\/wp-json\/wp\/v2\/posts\/104617","targetHints":{"allow":["GET"]}}],"collection":[{"href":"https:\/\/www.europesays.com\/pt\/wp-json\/wp\/v2\/posts"}],"about":[{"href":"https:\/\/www.europesays.com\/pt\/wp-json\/wp\/v2\/types\/post"}],"author":[{"embeddable":true,"href":"https:\/\/www.europesays.com\/pt\/wp-json\/wp\/v2\/users\/2"}],"replies":[{"embeddable":true,"href":"https:\/\/www.europesays.com\/pt\/wp-json\/wp\/v2\/comments?post=104617"}],"version-history":[{"count":0,"href":"https:\/\/www.europesays.com\/pt\/wp-json\/wp\/v2\/posts\/104617\/revisions"}],"wp:featuredmedia":[{"embeddable":true,"href":"https:\/\/www.europesays.com\/pt\/wp-json\/wp\/v2\/media\/104618"}],"wp:attachment":[{"href":"https:\/\/www.europesays.com\/pt\/wp-json\/wp\/v2\/media?parent=104617"}],"wp:term":[{"taxonomy":"category","embeddable":true,"href":"https:\/\/www.europesays.com\/pt\/wp-json\/wp\/v2\/categories?post=104617"},{"taxonomy":"post_tag","embeddable":true,"href":"https:\/\/www.europesays.com\/pt\/wp-json\/wp\/v2\/tags?post=104617"}],"curies":[{"name":"wp","href":"https:\/\/api.w.org\/{rel}","templated":true}]}}