{"id":104619,"date":"2025-10-10T07:03:22","date_gmt":"2025-10-10T07:03:22","guid":{"rendered":"https:\/\/www.europesays.com\/pt\/104619\/"},"modified":"2025-10-10T07:03:22","modified_gmt":"2025-10-10T07:03:22","slug":"entre-9-a-12-de-outubro-portugal-continuara-sob-influencia-da-crista-anticiclonica-mas-preve-se-chuva-nestes-locais","status":"publish","type":"post","link":"https:\/\/www.europesays.com\/pt\/104619\/","title":{"rendered":"Entre 9 a 12 de outubro, Portugal continuar\u00e1 sob influ\u00eancia da crista anticicl\u00f3nica, mas prev\u00ea-se chuva nestes locais"},"content":{"rendered":"<p> <img decoding=\"async\" fetchpriority=\"high\" src=\"https:\/\/www.europesays.com\/pt\/wp-content\/uploads\/2025\/10\/dailymotion-x9ruyw4_1024.jpg\"  width=\"768\" height=\"432\" id=\"x9ruyw4\"\/>  <\/p>\n<p>Ainda que as temperaturas no territ\u00f3rio se mantenham relativamente elevadas durante os pr\u00f3ximos dias e n\u00e3o haja probabilidade de chuva para a maior parte do territ\u00f3rio, as manh\u00e3s e noites j\u00e1 come\u00e7am a arrefecer e os n\u00edveis de humidade fazem-se sentir.<\/p>\n<p>    <img decoding=\"async\" fetchpriority=\"high\" src=\"https:\/\/www.europesays.com\/pt\/wp-content\/uploads\/2025\/10\/marta-godinho.jpg\" alt=\"Marta Godinho\" width=\"40\" height=\"40\"\/>    <a class=\"nombre text-hv\" href=\"https:\/\/www.tempo.pt\/autor\/marta-godinho\/\" title=\"Marta Godinho\" rel=\"nofollow noopener\" target=\"_blank\">Marta Godinho<\/a>      09\/10\/2025 08:03   4 min   <\/p>\n<p>Os pr\u00f3ximos dias em Portugal Continental continuar\u00e3o a ser marcados por um cen\u00e1rio de <strong>estabilidade atmosf\u00e9rica<\/strong> pouco comum para esta fase do outono. A crista <strong>anticicl\u00f3n<\/strong><strong>ica<\/strong><strong> que se mant\u00e9m sobre a Pen\u00ednsula Ib\u00e9rica<\/strong> garante tempo seco, c\u00e9u pouco nublado e temperaturas que permanecem <strong>acima da m\u00e9dia<\/strong>, sobretudo no<strong> interior e nas regi\u00f5es do Sul<\/strong>. <\/p>\n<p>Apesar de algumas madrugadas e noites mais frescas e h\u00famidas, o ambiente diurno continua a recordar os dias amenos de fim de ver\u00e3o.<\/p>\n<p>Entre <strong>quinta e domingo (9 a 12 de outubro)<\/strong>, a influ\u00eancia persistente desta crista anticicl\u00f3nica dever\u00e1 assegurar <strong>tempo est\u00e1vel<\/strong> em grande parte do territ\u00f3rio continental. <\/p>\n<p><img loading=\"lazy\" decoding=\"async\" fetchpriority=\"low\" class=\"lazy \" src=\"https:\/\/www.europesays.com\/pt\/wp-content\/uploads\/2025\/10\/1760079801_952_previsao-do-tempo-para-portugal-ate-domingo-quais-os-unicos-locais-do-continente-com-possibilidade-d.png\"  width=\"768\" height=\"432\" alt=\"Mapa atmosferico: n\u00favens e chuva\" title=\"Mapa atmosferico: n\u00favens e chuva\" data-image=\"8vz5t24kw45e\"\/>Quinta feira ir\u00e1 come\u00e7ar com elevada cobertura de n\u00favens que se ir\u00e3o dissipar ao longo do dia. Os A\u00e7ores continuam sob a\u00e7\u00e3o de uma depress\u00e3o atl\u00e2ntica.<\/p>\n<p> No entanto, a <strong>aproxima\u00e7\u00e3o de um sistema frontal enfraquecido<\/strong> vindo do Atl\u00e2ntico \u2014 que afetar\u00e1 principalmente os <strong>A\u00e7ores<\/strong> \u2014 poder\u00e1 trazer <strong>maior nebulosidade<\/strong> e <strong>chuviscos muito pontuais em regi\u00f5es de elevada altitude<\/strong> no Norte e Centro. <\/p>\n<p>Quais as \u00fanicas regi\u00f5es do continente com probabilidade de chuva?<\/p>\n<p>Na <strong>quinta-feira<\/strong>, o c\u00e9u apresentar\u00e1 per\u00edodos de <strong>pouca nebulosidade<\/strong>, embora a madrugada comece com <strong>cobertura de nuvens baixas e humidade elevada<\/strong> em quase todo o territ\u00f3rio. Ao longo da tarde, prev\u00ea-se uma <strong>redu\u00e7\u00e3o gradual da nebulosidade<\/strong>, mantendo-se o risco de <strong>precipita\u00e7\u00e3o residual<\/strong> restrita a zonas montanhosas como <strong>Pi\u00f3d\u00e3o e Manteigas<\/strong>.<\/p>\n<p><img loading=\"lazy\" decoding=\"async\" fetchpriority=\"low\" class=\"lazy \" src=\"https:\/\/www.europesays.com\/pt\/wp-content\/uploads\/2025\/10\/1760079801_850_previsao-do-tempo-para-portugal-ate-domingo-quais-os-unicos-locais-do-continente-com-possibilidade-d.png\"  width=\"768\" height=\"432\" alt=\"Mapa de Chuva\" title=\"Mapa de Chuva\" data-image=\"nqgoc8prlror\"\/>As \u00fanicas regi\u00f5es com probabilidade de chuva nos pr\u00f3ximos dias (Piod\u00e3o e Manteigas), com valores baixos entre 0.2 mm e 1 mm. <\/p>\n<p> As <strong>temperaturas m\u00e1ximas<\/strong> oscilar\u00e3o entre <strong>21 \u00b0C e 23 \u00b0C no Norte<\/strong>, <strong>24 \u00b0C a 26 \u00b0C no Centro<\/strong>, e poder\u00e3o atingir <strong>28 \u00b0C no Alentejo e Algarve<\/strong>, devido ao <strong>transporte de ar mais quente do interior ib\u00e9rico<\/strong>. O <strong>vento soprar\u00e1 de noroeste<\/strong>, fraco a moderado no interior e mais intenso junto ao litoral ocidental, com <strong>rajadas de 35 a 40 km\/h<\/strong>. <\/p>\n<p>A humidade ir\u00e1 manter-se elevada durante as madrugadas, descendo de forma acentuada durante o decorrer dos dias.<\/p>\n<p>Na <strong>sexta-feira<\/strong>, prev\u00ea-se um <strong>ligeiro aumento da nebulosidade<\/strong> no litoral Norte e Centro, mas sem previs\u00e3o de chuva significativa. O restante territ\u00f3rio manter-se-\u00e1 <strong>seco e ameno<\/strong>, com m\u00e1ximas entre <strong>25 \u00b0C e 29 \u00b0C<\/strong>, especialmente em <strong>Beja e na regi\u00e3o da Grande Lisboa<\/strong>. O <strong>vento de noroeste<\/strong> persistir\u00e1 moderado, tornando-se <strong>mais forte ao final do dia nas zonas costeiras<\/strong>.<\/p>\n<p>At\u00e9 quando esperar uma atmosfera est\u00e1vel sob Portugal Continental?<\/p>\n<p>Durante o dia de <strong>s\u00e1bado<\/strong>, a crista anticicl\u00f3nica enfraquecer\u00e1 ligeiramente, permitindo a passagem de <strong>nuvens m\u00e9dias e altas<\/strong> sobre o Norte, Centro e Sul. No entanto, o <strong>Sul continuar\u00e1 com<\/strong> <strong>temperaturas que poder\u00e3o voltar a atingir os <\/strong><strong>30 \u00b0C<\/strong> no interior alentejano e na regi\u00e3o da <strong>Grande Lisboa<\/strong>. O vento manter-se-\u00e1 de <strong>noroeste moderado<\/strong>, com <strong>rajadas at\u00e9 45 km\/h<\/strong> junto ao litoral.<\/p>\n<p><img loading=\"lazy\" decoding=\"async\" fetchpriority=\"low\" class=\"lazy \" src=\"https:\/\/www.europesays.com\/pt\/wp-content\/uploads\/2025\/10\/1760079802_906_previsao-do-tempo-para-portugal-ate-domingo-quais-os-unicos-locais-do-continente-com-possibilidade-d.png\"  width=\"768\" height=\"432\" alt=\"Mapa de cobertura de n\u00favens e chuva\" title=\"Mapa de cobertura de n\u00favens e chuva\" data-image=\"0y3xd62onau5\"\/>A crista anticicl\u00f3nica enfraquece ligeiramente, permitindo a passagem de nuvens m\u00e9dias e altas sobre o Norte, Centro e Sul.<\/p>\n<p>No <strong>domingo<\/strong>, a atmosfera estabiliza novamente, com <strong>c\u00e9u parcialmente nublado no Norte e Centro<\/strong>, e <strong>per\u00edodos de sol mais prolongados a sul do Tejo<\/strong>. As temperaturas manter-se-\u00e3o <strong>ligeiramente acima do normal<\/strong> para outubro, e <strong>n\u00e3o se esperam avisos meteorol\u00f3gicos relevantes<\/strong>. <\/p>\n","protected":false},"excerpt":{"rendered":"Ainda que as temperaturas no territ\u00f3rio se mantenham relativamente elevadas durante os pr\u00f3ximos dias e n\u00e3o haja probabilidade&hellip;\n","protected":false},"author":2,"featured_media":104620,"comment_status":"","ping_status":"","sticky":false,"template":"","format":"standard","meta":{"footnotes":""},"categories":[10],"tags":[27,28,2834,2139,15,16,14,25,26,21,22,606,12,13,19,20,15430,32,8429,4834,23,24,33,17,18,29,30,31],"class_list":{"0":"post-104619","1":"post","2":"type-post","3":"status-publish","4":"format-standard","5":"has-post-thumbnail","7":"category-portugal","8":"tag-breaking-news","9":"tag-breakingnews","10":"tag-calor","11":"tag-chuva","12":"tag-featured-news","13":"tag-featurednews","14":"tag-headlines","15":"tag-latest-news","16":"tag-latestnews","17":"tag-main-news","18":"tag-mainnews","19":"tag-meteorologia","20":"tag-news","21":"tag-noticias","22":"tag-noticias-principais","23":"tag-noticiasprincipais","24":"tag-nuvens","25":"tag-portugal","26":"tag-portugal-continental","27":"tag-previsao-tempo","28":"tag-principais-noticias","29":"tag-principaisnoticias","30":"tag-pt","31":"tag-top-stories","32":"tag-topstories","33":"tag-ultimas","34":"tag-ultimas-noticias","35":"tag-ultimasnoticias"},"share_on_mastodon":{"url":"","error":""},"_links":{"self":[{"href":"https:\/\/www.europesays.com\/pt\/wp-json\/wp\/v2\/posts\/104619","targetHints":{"allow":["GET"]}}],"collection":[{"href":"https:\/\/www.europesays.com\/pt\/wp-json\/wp\/v2\/posts"}],"about":[{"href":"https:\/\/www.europesays.com\/pt\/wp-json\/wp\/v2\/types\/post"}],"author":[{"embeddable":true,"href":"https:\/\/www.europesays.com\/pt\/wp-json\/wp\/v2\/users\/2"}],"replies":[{"embeddable":true,"href":"https:\/\/www.europesays.com\/pt\/wp-json\/wp\/v2\/comments?post=104619"}],"version-history":[{"count":0,"href":"https:\/\/www.europesays.com\/pt\/wp-json\/wp\/v2\/posts\/104619\/revisions"}],"wp:featuredmedia":[{"embeddable":true,"href":"https:\/\/www.europesays.com\/pt\/wp-json\/wp\/v2\/media\/104620"}],"wp:attachment":[{"href":"https:\/\/www.europesays.com\/pt\/wp-json\/wp\/v2\/media?parent=104619"}],"wp:term":[{"taxonomy":"category","embeddable":true,"href":"https:\/\/www.europesays.com\/pt\/wp-json\/wp\/v2\/categories?post=104619"},{"taxonomy":"post_tag","embeddable":true,"href":"https:\/\/www.europesays.com\/pt\/wp-json\/wp\/v2\/tags?post=104619"}],"curies":[{"name":"wp","href":"https:\/\/api.w.org\/{rel}","templated":true}]}}