{"id":104626,"date":"2025-10-10T07:15:30","date_gmt":"2025-10-10T07:15:30","guid":{"rendered":"https:\/\/www.europesays.com\/pt\/104626\/"},"modified":"2025-10-10T07:15:30","modified_gmt":"2025-10-10T07:15:30","slug":"por-que-o-dia-10-10-simboliza-novos-comecos-uol","status":"publish","type":"post","link":"https:\/\/www.europesays.com\/pt\/104626\/","title":{"rendered":"Por que o dia 10\/10 simboliza novos come\u00e7os? &#8211; UOL"},"content":{"rendered":"<ol>\n<li><a href=\"https:\/\/news.google.com\/rss\/articles\/CBMimwFBVV95cUxNT1ZxV3lXNmRvVU5jQk83a1ZKSTFmOW4wSFhCWlpuMzZibzY0Y2poaE9rZ0J0azBhbGFia0hTOVE1VFM4WkRnMWJWUmJ4TUNOSmRYTEN3TzMxZ3BDRlZnVjdJX0gxSGJMVjBQdFUyNjVVZVhUNXB6NF9UZ0ozZV9RRWxhcXBJOHVZVHVVcU90TWROTWowYmp6UnhhQdIBoAFBVV95cUxQak93dFJrcjlkZnpWbXRkUy1hQWtDQ25nS2d3QTJMZGtnTXhIOVhGY0lteVpWSDI4eGEzenhKMklOeTdMeEpqQXI2aGY1Q09zN3VUNlA1OXhOOEZuN0hRaXFDYUlHSXFDTGVlODBUdVBQcEQzQzVxbnlfV3hacVpwa1RLcGpsQm5DNkFad1FKUEFBVXBJWHROdlFsdENoeFA0?oc=5\" target=\"_blank\" rel=\"nofollow noopener\">Por que o dia 10\/10 simboliza novos come\u00e7os?<\/a>&nbsp;&nbsp;UOL<\/li>\n<li><a href=\"https:\/\/news.google.com\/rss\/articles\/CBMivgFBVV95cUxOdWVuZXFYNGxTTHg2QkJPS1JDRFpKYlpyOWdRdV9IbS1sbjUxaHFhMHNab0VNQ2hISTRZRlV0MkxObHVyUEtGNDFjemx3b0hyQnhzVGV2R1c4Q1FaTnFhcXBRVV93RTFQRnozMERsa0JxbGZxamdJX0V3dExJdjVtbnhZT3dZUElFZVR3aDZlQXAwcnY0RTU2a19SUm5kQUdQZktHVjliMm1tRkg2ek01eXdCZW5zLUc1aW1DUW5R0gHMAUFVX3lxTE13OEd6cWh5QnFvUlZiYUxqQmNMZTRMVUxwamtWTlZkRmN0ZjhqX3hCelFDZlFDTzBfb2VrZ1VtbTJKRmF6XzF3RTBETTkta1prYWN5Tmd2b3YwVFNCc1VrNEpVWGVlQXRkOGhXQTloWTBkQVNMLUNMcXl1ZWNoV0tsUU50RzVLRlZZdTJzNUhtX2toTVpqN01VYTBtNWdUQkh0ajhKSU9XeVJXT1VKV3lpVjRfLWRDNnZ1RFFpVVFkbk4tSUZwcS1BSzFTbA?oc=5\" target=\"_blank\" rel=\"nofollow noopener\">Portal 10\/10 de 2025: saiba como usar essa energia na reta final do ano<\/a>&nbsp;&nbsp;Gshow<\/li>\n<li><a href=\"https:\/\/news.google.com\/rss\/articles\/CBMihAJBVV95cUxQOEtIZ2k3UDBwS0hpcE43UDhkM1lEdDNXc242ZURDN0dqZDU0R25OWXl6QjRkSjRmaEJ4VEI3M2owMmRvMXFpYUlXeVNGd3FzQXdoYWxxbE0xZFlGeEsyOVNreUZxTDZJYzZUOW53ZUxtU09VeFk2TVl1bzk1NzMxcHBPZ0dnVUJCYVVPbmRLTmp4OF84cjVqV2h3eW5sTjFMRXJkVC1RUHBwOUwtbllIdmExb09PaEFqX3JCQktSWTZqRzY3QWs5TG1NYjE2VFp2Q2RmR3c3VWJWY3FhOHNXekhwWVdMTVd1aEFsR3BRQWhiNFNDUnA4V0xHci0yeFVmdHNMbw?oc=5\" target=\"_blank\" rel=\"nofollow noopener\">Portal 10\/10 em 2025: o que esperar deste portal de novos come\u00e7os e transforma\u00e7\u00e3o<\/a>&nbsp;&nbsp;Terra<\/li>\n<li><a href=\"https:\/\/news.google.com\/rss\/articles\/CBMi3wFBVV95cUxPWjhsUTRYbmFYWmNsbFZ5SU1wX3JUTGo0dXIxUFRfTEMxMmlqTzBrQkVjcXhvbGxHWl8tNWlKSlNYNWZhbXBndEw3VXh1NUlrcjJvWDY4eTFsWFlKNUtlNFBhSnpiNDBBZHItQ2FYQ2dLd3N2czJTMHhla181Q3JzNTZaaEN1UlJKQjRDS3ZWVlRzT1AxQnlVWHJkOU9HRlpMTVhGLW03bncyc3dqb1NBNk9Ca0g3T1RVejJYNkpOMzdwMC14V0djVUVQaldmZF9tT3JrU1pwU0RBMk5Tc2tB?oc=5\" target=\"_blank\" rel=\"nofollow noopener\">Dia 10\/10 marca novo ciclo para os 12 signos; veja os recados e dicas para n\u00e3o perder &#8216;virada de chave&#8217;<\/a>&nbsp;&nbsp;Jornal Correio<\/li>\n<li><a href=\"https:\/\/news.google.com\/rss\/articles\/CBMivwFBVV95cUxNZHd4VWJsZHlhc1FvazRDbFVRSkZIemtWcGpPRTJVcVl2MGJ6elFoREJpd21ydkRQV2x4MEFRRHlHaTRBOGxiZVVEd19jNkVXSEd6WFdKVzlfeVd2emhqODhDMFo3X1MxN0ZrYjRYcjU1WkdrS3ctSWlQSkRHOE9Ed3ljelNoTkRlS2ZxNjRoek94WjJUeW1paHBQOGdzenI5S21rNnhiOERSRW8tUURTNGtuYUR5cDRFQkpzUnJxOA?oc=5\" target=\"_blank\" rel=\"nofollow noopener\">Portal 10\/10 chega com a energia de recome\u00e7o que voc\u00ea precisa agora<\/a>&nbsp;&nbsp;Capricho<\/li>\n<\/ol>\n","protected":false},"excerpt":{"rendered":"Por que o dia 10\/10 simboliza novos come\u00e7os?&nbsp;&nbsp;UOL Portal 10\/10 de 2025: saiba como usar essa energia na&hellip;\n","protected":false},"author":2,"featured_media":104627,"comment_status":"","ping_status":"","sticky":false,"template":"","format":"standard","meta":{"footnotes":""},"categories":[85],"tags":[219,211,223,114,115,224,225,226,221,220,222,25248,32,33,218,228,227],"class_list":{"0":"post-104626","1":"post","2":"type-post","3":"status-publish","4":"format-standard","5":"has-post-thumbnail","7":"category-entretenimento","8":"tag-bichos","9":"tag-celebridades","10":"tag-colunistas","11":"tag-entertainment","12":"tag-entretenimento","13":"tag-estranho","14":"tag-eu-amo","15":"tag-fofices","16":"tag-horoscopo","17":"tag-humanos","18":"tag-humor","19":"tag-numerologia","20":"tag-portugal","21":"tag-pt","22":"tag-televisao","23":"tag-tudo","24":"tag-videos"},"share_on_mastodon":{"url":"","error":""},"_links":{"self":[{"href":"https:\/\/www.europesays.com\/pt\/wp-json\/wp\/v2\/posts\/104626","targetHints":{"allow":["GET"]}}],"collection":[{"href":"https:\/\/www.europesays.com\/pt\/wp-json\/wp\/v2\/posts"}],"about":[{"href":"https:\/\/www.europesays.com\/pt\/wp-json\/wp\/v2\/types\/post"}],"author":[{"embeddable":true,"href":"https:\/\/www.europesays.com\/pt\/wp-json\/wp\/v2\/users\/2"}],"replies":[{"embeddable":true,"href":"https:\/\/www.europesays.com\/pt\/wp-json\/wp\/v2\/comments?post=104626"}],"version-history":[{"count":0,"href":"https:\/\/www.europesays.com\/pt\/wp-json\/wp\/v2\/posts\/104626\/revisions"}],"wp:featuredmedia":[{"embeddable":true,"href":"https:\/\/www.europesays.com\/pt\/wp-json\/wp\/v2\/media\/104627"}],"wp:attachment":[{"href":"https:\/\/www.europesays.com\/pt\/wp-json\/wp\/v2\/media?parent=104626"}],"wp:term":[{"taxonomy":"category","embeddable":true,"href":"https:\/\/www.europesays.com\/pt\/wp-json\/wp\/v2\/categories?post=104626"},{"taxonomy":"post_tag","embeddable":true,"href":"https:\/\/www.europesays.com\/pt\/wp-json\/wp\/v2\/tags?post=104626"}],"curies":[{"name":"wp","href":"https:\/\/api.w.org\/{rel}","templated":true}]}}