{"id":104640,"date":"2025-10-10T07:33:07","date_gmt":"2025-10-10T07:33:07","guid":{"rendered":"https:\/\/www.europesays.com\/pt\/104640\/"},"modified":"2025-10-10T07:33:07","modified_gmt":"2025-10-10T07:33:07","slug":"nao-perdemos-tempo-em-filas-no-transito-ou-seja-o-que-for-as-vezes-dependendo-da-hora-ha-fila-para-o-pao","status":"publish","type":"post","link":"https:\/\/www.europesays.com\/pt\/104640\/","title":{"rendered":"\u201cN\u00e3o perdemos tempo em filas, no tr\u00e2nsito ou seja o que for. \u00c0s vezes, dependendo da hora, h\u00e1 fila para o p\u00e3o\u201d"},"content":{"rendered":"<p>\t\t<img decoding=\"async\" src=\"https:\/\/www.europesays.com\/pt\/wp-content\/uploads\/2025\/10\/1760081586_223_thumbs.web.sapo.io\"  loading=\"true\"\/><\/p>\n<p>                        Expresso<\/p>\n<p>Corvo, \u00e9s um bom partido? Primeira parte do &#8216;Bom Partido&#8217; na Vila do Corvo, com Paulo Margato e S\u00f3nia Conduto.<\/p>\n<p>\t\t<img decoding=\"async\" src=\"https:\/\/www.europesays.com\/pt\/wp-content\/uploads\/2025\/10\/1760081587_911_thumbs.web.sapo.io\"  loading=\"true\"\/><\/p>\n<p>                        Expresso<\/p>\n<p>Os pol\u00edticos n\u00e3o se cansam de fazer campanhas eleitorais, o Guilherme Geirinhas n\u00e3o se cansa de conversar com eles sobre tudo menos a campanha eleitoral. A 4.\u00aa temporada do Bom Partido regressa a tempo das Aut\u00e1rquicas, e passa pelos dois principais munic\u00edpios do pa\u00eds (Lisboa e Porto), o mais pequeno, com cerca de 400 habitantes (Ilha do Corvo), e tamb\u00e9m aquele cujo crit\u00e9rio \u00e9 ser o local de resid\u00eancia do apresentador (Oeiras), que prefere n\u00e3o se afastar muito de casa para trabalhar.<\/p>\n<p>Mais uma vez, os pol\u00edticos portugueses v\u00e3o mostrar o seu lado menos conhecido, e partilhar as suas li\u00e7\u00f5es de vida.<\/p>\n<p>Pode ver o &#8216;Bom Partido&#8217; no YouTube, e ouvir, nos dias seguintes, em podcast no Expresso.<\/p>\n<p>Esta temporada tem o apoio do Meo e da Sword, e \u00e9 uma produ\u00e7\u00e3o KILT FILM.<\/p>\n<p>\t\t<img decoding=\"async\" src=\"https:\/\/www.europesays.com\/pt\/wp-content\/uploads\/2025\/10\/1760081587_359_thumbs.web.sapo.io\"  loading=\"true\"\/><\/p>\n<p>                        Expresso<\/p>\n<p>NOTA: Todos os partidos com representa\u00e7\u00e3o nas c\u00e2maras municipais foram convidados.<\/p>\n<p>\t\t<img decoding=\"async\" src=\"https:\/\/www.europesays.com\/pt\/wp-content\/uploads\/2025\/10\/1760081587_101_thumbs.web.sapo.io\"  loading=\"true\"\/><\/p>\n<p>                        Expresso<\/p>\n<p>Estou farto de pol\u00edtica, por isso juntei alguns amigos para falar sobre a vida.<\/p>\n<p>Bom Partido \u00e9 uma miniss\u00e9rie de 4 conversas, desdobradas em v\u00e1rios epis\u00f3dios de podcast, com candidatos \u00e0s C\u00e2maras de Lisboa, Porto, Oeiras e Corvo.<\/p>\n<p>N\u00e3o perca, \u2018Bom Partido\u2019 no canal do<a href=\"https:\/\/www.youtube.com\/@GuilhermeGeirinhas\" target=\"_blank\" rel=\"noreferrer noopener nofollow\">You Tube de Guilherme Geirinhas<\/a> e agora tamb\u00e9m no formato podcast nos sites da SIC, SIC Not\u00edcias e do Expresso.<\/p>\n","protected":false},"excerpt":{"rendered":"Expresso Corvo, \u00e9s um bom partido? Primeira parte do &#8216;Bom Partido&#8217; na Vila do Corvo, com Paulo Margato&hellip;\n","protected":false},"author":2,"featured_media":104641,"comment_status":"","ping_status":"","sticky":false,"template":"","format":"standard","meta":{"footnotes":""},"categories":[10],"tags":[27,28,15,16,14,25,26,21,22,12,13,19,20,32,23,24,33,17,18,29,30,31],"class_list":{"0":"post-104640","1":"post","2":"type-post","3":"status-publish","4":"format-standard","5":"has-post-thumbnail","7":"category-portugal","8":"tag-breaking-news","9":"tag-breakingnews","10":"tag-featured-news","11":"tag-featurednews","12":"tag-headlines","13":"tag-latest-news","14":"tag-latestnews","15":"tag-main-news","16":"tag-mainnews","17":"tag-news","18":"tag-noticias","19":"tag-noticias-principais","20":"tag-noticiasprincipais","21":"tag-portugal","22":"tag-principais-noticias","23":"tag-principaisnoticias","24":"tag-pt","25":"tag-top-stories","26":"tag-topstories","27":"tag-ultimas","28":"tag-ultimas-noticias","29":"tag-ultimasnoticias"},"share_on_mastodon":{"url":"","error":""},"_links":{"self":[{"href":"https:\/\/www.europesays.com\/pt\/wp-json\/wp\/v2\/posts\/104640","targetHints":{"allow":["GET"]}}],"collection":[{"href":"https:\/\/www.europesays.com\/pt\/wp-json\/wp\/v2\/posts"}],"about":[{"href":"https:\/\/www.europesays.com\/pt\/wp-json\/wp\/v2\/types\/post"}],"author":[{"embeddable":true,"href":"https:\/\/www.europesays.com\/pt\/wp-json\/wp\/v2\/users\/2"}],"replies":[{"embeddable":true,"href":"https:\/\/www.europesays.com\/pt\/wp-json\/wp\/v2\/comments?post=104640"}],"version-history":[{"count":0,"href":"https:\/\/www.europesays.com\/pt\/wp-json\/wp\/v2\/posts\/104640\/revisions"}],"wp:featuredmedia":[{"embeddable":true,"href":"https:\/\/www.europesays.com\/pt\/wp-json\/wp\/v2\/media\/104641"}],"wp:attachment":[{"href":"https:\/\/www.europesays.com\/pt\/wp-json\/wp\/v2\/media?parent=104640"}],"wp:term":[{"taxonomy":"category","embeddable":true,"href":"https:\/\/www.europesays.com\/pt\/wp-json\/wp\/v2\/categories?post=104640"},{"taxonomy":"post_tag","embeddable":true,"href":"https:\/\/www.europesays.com\/pt\/wp-json\/wp\/v2\/tags?post=104640"}],"curies":[{"name":"wp","href":"https:\/\/api.w.org\/{rel}","templated":true}]}}