{"id":104659,"date":"2025-10-10T07:56:13","date_gmt":"2025-10-10T07:56:13","guid":{"rendered":"https:\/\/www.europesays.com\/pt\/104659\/"},"modified":"2025-10-10T07:56:13","modified_gmt":"2025-10-10T07:56:13","slug":"f-c-porto-vai-pagar-50-euros-mensais-por-terreno-do-novo-pavilhao-desportivo","status":"publish","type":"post","link":"https:\/\/www.europesays.com\/pt\/104659\/","title":{"rendered":"F. C. Porto vai pagar 50 euros mensais por terreno do novo pavilh\u00e3o desportivo"},"content":{"rendered":"<p>A nova infraestrutura ser\u00e1 criada junto \u00e0 Escola Ramalho Ortig\u00e3o, na Rua do Dr. Sousa Avides. A ced\u00eancia do terreno prolongar-se-\u00e1 durante 70 anos, contemplando ainda um Contrato-Programa de Desenvolvimento Desportivo, que prev\u00ea uma comparticipa\u00e7\u00e3o financeira de 525 mil euros.<\/p>\n<p data-remotead-prev-elm=\"true\" data-remotead-elm-id=\"inread\">O objetivo deste protocolo \u00e9 permitir que o F. C. Porto tenha um novo espa\u00e7o para acolher todos os seus escal\u00f5es de forma\u00e7\u00e3o, alargar a pr\u00e1tica desportiva a mais mun\u00edcipes, nomeadamente no que se refere \u00e0 vertente do desporto feminino, e incrementar a oferta de desporto adaptado.<\/p>\n<p>A celebra\u00e7\u00e3o do contrato com a C\u00e3mara do Porto realizar-se-\u00e1 na sexta-feira, nos Pa\u00e7os do Concelho, \u00e0s 16 horas, e ser\u00e1 assumida pelos respetivos presidentes, Rui Moreira e Andr\u00e9 Villas-Boas.<\/p>\n<p data-remotead-prev-elm=\"true\" data-remotead-elm-id=\"centro1\">Os drag\u00f5es v\u00e3o pagar 50 euros mensais \u00e0 autarquia portuense nos primeiros quatro anos, valor que aumentar\u00e1 para 10,9 mil euros nos anos seguintes.<\/p>\n","protected":false},"excerpt":{"rendered":"A nova infraestrutura ser\u00e1 criada junto \u00e0 Escola Ramalho Ortig\u00e3o, na Rua do Dr. Sousa Avides. A ced\u00eancia&hellip;\n","protected":false},"author":2,"featured_media":104660,"comment_status":"","ping_status":"","sticky":false,"template":"","format":"standard","meta":{"footnotes":""},"categories":[87],"tags":[25251,20018,135,20558,32,33,134],"class_list":{"0":"post-104659","1":"post","2":"type-post","3":"status-publish","4":"format-standard","5":"has-post-thumbnail","7":"category-desporto","8":"tag-camara-do-porto","9":"tag-concelho-porto","10":"tag-desporto","11":"tag-f-c-porto","12":"tag-portugal","13":"tag-pt","14":"tag-sports"},"share_on_mastodon":{"url":"","error":""},"_links":{"self":[{"href":"https:\/\/www.europesays.com\/pt\/wp-json\/wp\/v2\/posts\/104659","targetHints":{"allow":["GET"]}}],"collection":[{"href":"https:\/\/www.europesays.com\/pt\/wp-json\/wp\/v2\/posts"}],"about":[{"href":"https:\/\/www.europesays.com\/pt\/wp-json\/wp\/v2\/types\/post"}],"author":[{"embeddable":true,"href":"https:\/\/www.europesays.com\/pt\/wp-json\/wp\/v2\/users\/2"}],"replies":[{"embeddable":true,"href":"https:\/\/www.europesays.com\/pt\/wp-json\/wp\/v2\/comments?post=104659"}],"version-history":[{"count":0,"href":"https:\/\/www.europesays.com\/pt\/wp-json\/wp\/v2\/posts\/104659\/revisions"}],"wp:featuredmedia":[{"embeddable":true,"href":"https:\/\/www.europesays.com\/pt\/wp-json\/wp\/v2\/media\/104660"}],"wp:attachment":[{"href":"https:\/\/www.europesays.com\/pt\/wp-json\/wp\/v2\/media?parent=104659"}],"wp:term":[{"taxonomy":"category","embeddable":true,"href":"https:\/\/www.europesays.com\/pt\/wp-json\/wp\/v2\/categories?post=104659"},{"taxonomy":"post_tag","embeddable":true,"href":"https:\/\/www.europesays.com\/pt\/wp-json\/wp\/v2\/tags?post=104659"}],"curies":[{"name":"wp","href":"https:\/\/api.w.org\/{rel}","templated":true}]}}