{"id":104724,"date":"2025-10-10T09:30:26","date_gmt":"2025-10-10T09:30:26","guid":{"rendered":"https:\/\/www.europesays.com\/pt\/104724\/"},"modified":"2025-10-10T09:30:26","modified_gmt":"2025-10-10T09:30:26","slug":"papa-volta-a-chamar-a-imagem-original","status":"publish","type":"post","link":"https:\/\/www.europesays.com\/pt\/104724\/","title":{"rendered":"Papa volta a chamar a imagem original"},"content":{"rendered":"<p>A imagem de Nossa Senhora de F\u00e1tima, venerada na Capelinha das Apari\u00e7\u00f5es no santu\u00e1rio mariano, parte de Portugal nesta sexta-feira em dire\u00e7\u00e3o \u00e0 capital italiana. \u201cA \u2018Senhora vestida de branco\u2019 vai fazer-se peregrina da esperan\u00e7a e, em Roma, estar\u00e1 junto do \u2018bispo vestido de branco\u2019, como carinhosamente os pastorinhos de F\u00e1tima se referiram ao Santo Padre\u201d.<\/p>\n<p>A viagem da est\u00e1tua original faz parte do programa do Jubileu da Espiritualidade Mariana dos dias 11 e 12 de outubro, em Roma.<\/p>\n<p>O Papa Le\u00e3o XIV ir\u00e1 presidir o Ter\u00e7o pela Paz neste s\u00e1bado, junto com os fi\u00e9is e peregrinos que participam tanto do Jubileu da Vida Consagrada quanto aquele da Espiritualidade Mariana. Na Pra\u00e7a S\u00e3o Pedro, a ora\u00e7\u00e3o conjunta ser\u00e1 acompanhada pela imagem original de Nossa Senhora de F\u00e1tima.<\/p>\n<p>Esta \u00e9 a quarta vez que a imagem sai do Santu\u00e1rio de F\u00e1tima para vir a Roma: a primeira foi em 1984 para o Jubileu Extraordin\u00e1rio da Reden\u00e7\u00e3o de 1984, quando a 25 de mar\u00e7o S\u00e3o Jo\u00e3o Paulo II consagrou o mundo ao Imaculado Cora\u00e7\u00e3o de Maria; a segunda vez no Grande Jubileu do Ano 2000 e a terceira, em outubro de 2013, por ocasi\u00e3o do Ano da F\u00e9 com o Papa Francisco.<\/p>\n<p>\u201cA presen\u00e7a da amada imagem original de Nossa Senhora de F\u00e1tima permitir\u00e1 a todos fazer a experi\u00eancia da proximidade da Virgem Maria\u201d, sublinhou o Pr\u00f3-Prefeito do Dicast\u00e9rio para a Evangeliza\u00e7\u00e3o, D. Rino Fisichella. \u201c\u00c9 um dos \u00edcones marianos mais significativos para os crist\u00e3os de todo o mundo que, como sublinha o Santo Padre na Bula de proclama\u00e7\u00e3o do Jubileu Spes non confundit, a veneram como a \u201cmais afetuosa das m\u00e3es, que nunca abandona os seus filhos.\u201d <\/p>\n<p>De facto, em F\u00e1tima, a Virgem disse aos tr\u00eas pastorinhos o que continua a assegurar a cada um de n\u00f3s: \u201cNunca te deixarei. O meu Cora\u00e7\u00e3o Imaculado ser\u00e1 o vosso ref\u00fagio e o caminho que vos conduzir\u00e1 a Deus.\u201d<\/p>\n<p>A escultura, obra do artista portugu\u00eas Jos\u00e9 Ferreira Thedim, que a criou em 1920, \u00e9 habitualmente conservada na Capelinha das Apari\u00e7\u00f5es do Santu\u00e1rio de Nossa Senhora de F\u00e1tima. A\u00ed, de maio a outubro de 1917, a Virgem apareceu seis vezes aos pastorinhos L\u00facia dos Santos, de 10 anos, Jacinta Marto, de 7, e Francisco Marto, de 9. A est\u00e1tua tem 104 cent\u00edmetros de altura e foi esculpida em madeira de cedro do Brasil, e com base nas indica\u00e7\u00f5es dadas pelos tr\u00eas pastorinhos. Foi coroada solenemente a 13 de maio de 1946 e a bala que atingiu Jo\u00e3o Paulo II na tentativa de assassinato de 1981 foi mais tarde incrustada na coroa.<\/p>\n<p>A imagem de Nossa Senhora deve regressar a F\u00e1tima, em Portugal, ainda este domingo para estar presente nas celebra\u00e7\u00f5es da Peregrina\u00e7\u00e3o Internacional Anivers\u00e1ria nos dias 12 e 13 de outubro em mem\u00f3ria da sexta apari\u00e7\u00e3o de Nossa Senhora aos Tr\u00eas Pastorinhos. Dom Claudio Dalla Zuanna, arcebispo da Beira, em Mo\u00e7ambique, preside a peregrina\u00e7\u00e3o que j\u00e1 tem 138 grupos de peregrinos confirmados, provenientes de mais de 30 pa\u00edses dos continentes europeu, asi\u00e1tico, americano e africano. A It\u00e1lia at\u00e9 agora \u00e9 o pa\u00eds com o maior n\u00famero de grupos e de peregrinos registados, seguindo-se pela Espanha, Fran\u00e7a, Pol\u00f3nia e Vietnme. <\/p>\n","protected":false},"excerpt":{"rendered":"A imagem de Nossa Senhora de F\u00e1tima, venerada na Capelinha das Apari\u00e7\u00f5es no santu\u00e1rio mariano, parte de Portugal&hellip;\n","protected":false},"author":2,"featured_media":104725,"comment_status":"","ping_status":"","sticky":false,"template":"","format":"standard","meta":{"footnotes":""},"categories":[10],"tags":[27,28,15,16,14,25,26,21,22,12,13,19,20,32,23,24,33,17,18,29,30,31],"class_list":{"0":"post-104724","1":"post","2":"type-post","3":"status-publish","4":"format-standard","5":"has-post-thumbnail","7":"category-portugal","8":"tag-breaking-news","9":"tag-breakingnews","10":"tag-featured-news","11":"tag-featurednews","12":"tag-headlines","13":"tag-latest-news","14":"tag-latestnews","15":"tag-main-news","16":"tag-mainnews","17":"tag-news","18":"tag-noticias","19":"tag-noticias-principais","20":"tag-noticiasprincipais","21":"tag-portugal","22":"tag-principais-noticias","23":"tag-principaisnoticias","24":"tag-pt","25":"tag-top-stories","26":"tag-topstories","27":"tag-ultimas","28":"tag-ultimas-noticias","29":"tag-ultimasnoticias"},"share_on_mastodon":{"url":"","error":""},"_links":{"self":[{"href":"https:\/\/www.europesays.com\/pt\/wp-json\/wp\/v2\/posts\/104724","targetHints":{"allow":["GET"]}}],"collection":[{"href":"https:\/\/www.europesays.com\/pt\/wp-json\/wp\/v2\/posts"}],"about":[{"href":"https:\/\/www.europesays.com\/pt\/wp-json\/wp\/v2\/types\/post"}],"author":[{"embeddable":true,"href":"https:\/\/www.europesays.com\/pt\/wp-json\/wp\/v2\/users\/2"}],"replies":[{"embeddable":true,"href":"https:\/\/www.europesays.com\/pt\/wp-json\/wp\/v2\/comments?post=104724"}],"version-history":[{"count":0,"href":"https:\/\/www.europesays.com\/pt\/wp-json\/wp\/v2\/posts\/104724\/revisions"}],"wp:featuredmedia":[{"embeddable":true,"href":"https:\/\/www.europesays.com\/pt\/wp-json\/wp\/v2\/media\/104725"}],"wp:attachment":[{"href":"https:\/\/www.europesays.com\/pt\/wp-json\/wp\/v2\/media?parent=104724"}],"wp:term":[{"taxonomy":"category","embeddable":true,"href":"https:\/\/www.europesays.com\/pt\/wp-json\/wp\/v2\/categories?post=104724"},{"taxonomy":"post_tag","embeddable":true,"href":"https:\/\/www.europesays.com\/pt\/wp-json\/wp\/v2\/tags?post=104724"}],"curies":[{"name":"wp","href":"https:\/\/api.w.org\/{rel}","templated":true}]}}