{"id":104726,"date":"2025-10-10T09:32:10","date_gmt":"2025-10-10T09:32:10","guid":{"rendered":"https:\/\/www.europesays.com\/pt\/104726\/"},"modified":"2025-10-10T09:32:10","modified_gmt":"2025-10-10T09:32:10","slug":"gaza-israel-aprova-acordo-com-hamas-para-libertar-refens-medio-oriente","status":"publish","type":"post","link":"https:\/\/www.europesays.com\/pt\/104726\/","title":{"rendered":"Gaza: Israel aprova acordo com Hamas para libertar ref\u00e9ns | M\u00e9dio Oriente"},"content":{"rendered":"<p>O Governo de Israel aprovou o cessar-fogo com o Hamas esta sexta-feira, 10 de Outubro, dando mais um passo na direc\u00e7\u00e3o do fim da ofensiva militar em Gaza. Ao mesmo tempo, os Estados Unidos anunciaram que v\u00e3o enviar 200 militares para Gaza para apoiar o processo de cessar-fogo.<\/p>\n<p>O acordo foi aprovado na madrugada desta sexta-feira pelo Governo israelita, cerca de 24 horas depois do <a href=\"https:\/\/www.publico.pt\/2025\/10\/09\/mundo\/noticia\/acordo-gaza-entra-vigor-apos-reuniao-governo-israel-2150174\" rel=\"nofollow noopener\" target=\"_blank\">an\u00fancio de um acordo<\/a> para libertar ref\u00e9ns israelitas em troca de prisioneiros palestinianos, na <a href=\"http:\/\/Israel chega a acordo com Hamas para libertar todos os ref\u00e9ns\" rel=\"nofollow\">primeira fase<\/a> da iniciativa negocial do Presidente norte-americano, Donald Trump, para p\u00f4r fim \u00e0 guerra de dois anos em Gaza.<\/p>\n<p>\u201cO governo aprovou agora o plano para a liberta\u00e7\u00e3o de todos os ref\u00e9ns \u2014 os vivos e os mortos\u201d, anunciou o primeiro-ministro israelita Benjamin Netanyahu atrav\u00e9s da conta no X, antigo Twitter.<\/p>\n<p>Um porta-voz do governo israelita afirmou que o cessar-fogo entraria em vigor dentro de 24 horas ap\u00f3s a aprova\u00e7\u00e3o do acordo pelo Governo. Ap\u00f3s esse per\u00edodo de 24 horas, os ref\u00e9ns mantidos em Gaza seriam libertados dentro de uma janela temporal at\u00e9 72 horas. N\u00e3o se sabe ao certo quantos <a href=\"https:\/\/www.publico.pt\/2025\/10\/07\/mundo\/noticia\/israel-trauma-vai-durar-ate-regresso-refens-2149819\" rel=\"nofollow noopener\" target=\"_blank\">ref\u00e9ns<\/a> est\u00e3o mortos, mas acredita-se que 20 ref\u00e9ns israelitas ainda estejam vivos em Gaza; 26 s\u00e3o considerados mortos e o destino de dois \u00e9 desconhecido.<\/p>\n<p>Fontes do Hamas afirmam que recuperar os corpos dos ref\u00e9ns mortos, que se acredita serem cerca de 28, dos escombros de Gaza, demorar\u00e1 &#8220;mais tempo&#8221;. O grupo islamista tamb\u00e9m disse que j\u00e1 entregou as listas de ref\u00e9ns e de prisioneiros palestinianos mantidos por Israel que gostava que fossem libertados, mas as duas partes ainda n\u00e3o chegaram a acordo sobre a lista final dos 1950 palestinianos que podem vir a ser libertados em troca dos ref\u00e9ns. Cerca de 250 s\u00e3o pessoas condenadas \u00e0 pena perp\u00e9tua e outras 1700 s\u00e3o presos na sequ\u00eancia do atentado de 7 de Outubro de 2023.<\/p>\n<p>Assim que o acordo entrar em vigor, alimentos e ajuda m\u00e9dica ser\u00e3o autorizados a entrar em Gaza para ajudar os civis, centenas de milhares dos quais est\u00e3o abrigados em tendas depois de as for\u00e7as israelitas destru\u00edrem cidades inteiras. O chefe exilado do Hamas em Gaza, Khalil Al-Hayya, que participou nas negocia\u00e7\u00f5es para o cessar-fogo, disse que recebeu garantias dos Estados Unidos e de outros mediadores de que a guerra tinha mesmo acabado.<\/p>\n<p>Os Estados Unidos tamb\u00e9m anunciaram, na noite desta quinta-feira, o envio de 200 soldados para Gaza, numa esp\u00e9cie de task force conjunta do processo de paz, avan\u00e7ou a ag\u00eancia Reuters. Esta unidade n\u00e3o ser\u00e1 composta por militares norte-americanos, mas sim representantes das for\u00e7as armadas eg\u00edpcias, do Qatar, da Turquia e, provavelmente, dos Emirados \u00c1rabes Unidos.<\/p>\n<p>Citando autoridades norte-americanas que pediram anonimato, a AP adianta que o centro de coordena\u00e7\u00e3o civil-militar a estabelecer pelo Comando Central dos Estados Unidos em Israel ajudar\u00e1 a facilitar o fluxo de ajuda humanit\u00e1ria, bem como assist\u00eancia log\u00edstica e de seguran\u00e7a para o territ\u00f3rio devastado por dois anos de guerra.<\/p>\n<p>E Donald Trump confirmou, entretanto, que est\u00e1 prevista para domingo a sua partida para o M\u00e9dio Oriente, no quadro do acordo de cessar-fogo e liberta\u00e7\u00e3o de ref\u00e9ns na Faixa de Gaza. &#8220;Os ref\u00e9ns regressar\u00e3o a Israel na segunda ou ter\u00e7a-feira. Provavelmente estarei l\u00e1. Espero estar l\u00e1. Estamos a planear partir no domingo, e estou desejoso disso&#8221;, disse o Presidente aos jornalistas na Casa Branca, ao receber o Presidente finland\u00eas, Alexander Stubb. Trump garantiu que &#8220;ningu\u00e9m ser\u00e1 for\u00e7ado a sair de Gaza, muito pelo contr\u00e1rio&#8221; no \u00e2mbito do seu plano de paz.<\/p>\n","protected":false},"excerpt":{"rendered":"O Governo de Israel aprovou o cessar-fogo com o Hamas esta sexta-feira, 10 de Outubro, dando mais um&hellip;\n","protected":false},"author":2,"featured_media":104727,"comment_status":"","ping_status":"","sticky":false,"template":"","format":"standard","meta":{"footnotes":""},"categories":[8],"tags":[258,27,28,92,353,235,15,16,532,255,14,259,25,26,21,22,432,62,12,13,19,20,542,32,23,24,33,17,18,29,30,31],"class_list":{"0":"post-104726","1":"post","2":"type-post","3":"status-publish","4":"format-standard","5":"has-post-thumbnail","7":"category-principais-noticias","8":"tag-benjamin-netanyahu","9":"tag-breaking-news","10":"tag-breakingnews","11":"tag-donald-trump","12":"tag-em-destaque","13":"tag-estados-unidos","14":"tag-featured-news","15":"tag-featurednews","16":"tag-gaza","17":"tag-hamas","18":"tag-headlines","19":"tag-israel","20":"tag-latest-news","21":"tag-latestnews","22":"tag-main-news","23":"tag-mainnews","24":"tag-medio-oriente","25":"tag-mundo","26":"tag-news","27":"tag-noticias","28":"tag-noticias-principais","29":"tag-noticiasprincipais","30":"tag-para-redes","31":"tag-portugal","32":"tag-principais-noticias","33":"tag-principaisnoticias","34":"tag-pt","35":"tag-top-stories","36":"tag-topstories","37":"tag-ultimas","38":"tag-ultimas-noticias","39":"tag-ultimasnoticias"},"share_on_mastodon":{"url":"","error":""},"_links":{"self":[{"href":"https:\/\/www.europesays.com\/pt\/wp-json\/wp\/v2\/posts\/104726","targetHints":{"allow":["GET"]}}],"collection":[{"href":"https:\/\/www.europesays.com\/pt\/wp-json\/wp\/v2\/posts"}],"about":[{"href":"https:\/\/www.europesays.com\/pt\/wp-json\/wp\/v2\/types\/post"}],"author":[{"embeddable":true,"href":"https:\/\/www.europesays.com\/pt\/wp-json\/wp\/v2\/users\/2"}],"replies":[{"embeddable":true,"href":"https:\/\/www.europesays.com\/pt\/wp-json\/wp\/v2\/comments?post=104726"}],"version-history":[{"count":0,"href":"https:\/\/www.europesays.com\/pt\/wp-json\/wp\/v2\/posts\/104726\/revisions"}],"wp:featuredmedia":[{"embeddable":true,"href":"https:\/\/www.europesays.com\/pt\/wp-json\/wp\/v2\/media\/104727"}],"wp:attachment":[{"href":"https:\/\/www.europesays.com\/pt\/wp-json\/wp\/v2\/media?parent=104726"}],"wp:term":[{"taxonomy":"category","embeddable":true,"href":"https:\/\/www.europesays.com\/pt\/wp-json\/wp\/v2\/categories?post=104726"},{"taxonomy":"post_tag","embeddable":true,"href":"https:\/\/www.europesays.com\/pt\/wp-json\/wp\/v2\/tags?post=104726"}],"curies":[{"name":"wp","href":"https:\/\/api.w.org\/{rel}","templated":true}]}}