{"id":104740,"date":"2025-10-10T09:43:08","date_gmt":"2025-10-10T09:43:08","guid":{"rendered":"https:\/\/www.europesays.com\/pt\/104740\/"},"modified":"2025-10-10T09:43:08","modified_gmt":"2025-10-10T09:43:08","slug":"preco-dos-combustiveis-na-proxima-semana-13-a-19-de-outubro","status":"publish","type":"post","link":"https:\/\/www.europesays.com\/pt\/104740\/","title":{"rendered":"Pre\u00e7o dos combust\u00edveis na pr\u00f3xima semana (13 a 19 de outubro)"},"content":{"rendered":"<p>Semana de 13 a 19 de outubro<\/p>\n<p style=\"text-align: start;\">Cada marca e posto de combust\u00edvel pode fazer o pre\u00e7o que entender, uma vez que a pol\u00edtica de pre\u00e7o dos combust\u00edveis \u00e9 livre em Portugal. Os valores referidos s\u00e3o apenas indicativos do que deve esperar na pr\u00f3xima semana. Esta informa\u00e7\u00e3o ajuda-o a avaliar se abastece j\u00e1 ou se espera por segunda-feira.<\/p>\n<p>PORTUGAL continental<\/p>\n<p><strong>Gas\u00f3leo (-1 c\u00eantimo<\/strong><strong>)<\/strong><\/p>\n<p style=\"text-align: start;\">| Semanas anteriores* (-2)(0,5)(0,5)(=)(2)(0,5)(0,5)(-1,5)(-3,5)(-0,5)(-0,5)(-0,5)(3,5(=)(-4)(8)(1,5)(0,5)(=)(-1,5)(3,5)(-1)(-1,5)(=)(=)(-6,5)(-0,5) (2)<\/p>\n<p style=\"text-align: start;\">*A ordem das altera\u00e7\u00f5es \u00e9 da mais recente para a mais antiga.<\/p>\n<p><strong>Gasolina (Sem altera\u00e7\u00e3o<\/strong><strong>)<\/strong><\/p>\n<p style=\"text-align: start;\">| Semanas anteriores*: (-0,5)(-1)(0,5)(=)(1,5)(-0,5)(0,5)(=)(-1,5)(2,5)(-1)(-0,5)(2)(-2)(-3,5)(3)(1)(0,5)(-0,5)(-1)(3)(+0,5)(-2)(1)(0,5)(-7,5)(1)(4)(+2)<\/p>\n<p style=\"text-align: start;\">*A ordem das altera\u00e7\u00f5es \u00e9 da mais recente para a mais antiga.<\/p>\n<p>\ud83d\udccd <strong>Como saber qual o posto mais barato perto de si?<\/strong><\/p>\n","protected":false},"excerpt":{"rendered":"Semana de 13 a 19 de outubro Cada marca e posto de combust\u00edvel pode fazer o pre\u00e7o que&hellip;\n","protected":false},"author":2,"featured_media":87469,"comment_status":"","ping_status":"","sticky":false,"template":"","format":"standard","meta":{"footnotes":""},"categories":[83],"tags":[88,89,90,32,33],"class_list":{"0":"post-104740","1":"post","2":"type-post","3":"status-publish","4":"format-standard","5":"has-post-thumbnail","7":"category-empresas","8":"tag-business","9":"tag-economy","10":"tag-empresas","11":"tag-portugal","12":"tag-pt"},"share_on_mastodon":{"url":"","error":""},"_links":{"self":[{"href":"https:\/\/www.europesays.com\/pt\/wp-json\/wp\/v2\/posts\/104740","targetHints":{"allow":["GET"]}}],"collection":[{"href":"https:\/\/www.europesays.com\/pt\/wp-json\/wp\/v2\/posts"}],"about":[{"href":"https:\/\/www.europesays.com\/pt\/wp-json\/wp\/v2\/types\/post"}],"author":[{"embeddable":true,"href":"https:\/\/www.europesays.com\/pt\/wp-json\/wp\/v2\/users\/2"}],"replies":[{"embeddable":true,"href":"https:\/\/www.europesays.com\/pt\/wp-json\/wp\/v2\/comments?post=104740"}],"version-history":[{"count":0,"href":"https:\/\/www.europesays.com\/pt\/wp-json\/wp\/v2\/posts\/104740\/revisions"}],"wp:featuredmedia":[{"embeddable":true,"href":"https:\/\/www.europesays.com\/pt\/wp-json\/wp\/v2\/media\/87469"}],"wp:attachment":[{"href":"https:\/\/www.europesays.com\/pt\/wp-json\/wp\/v2\/media?parent=104740"}],"wp:term":[{"taxonomy":"category","embeddable":true,"href":"https:\/\/www.europesays.com\/pt\/wp-json\/wp\/v2\/categories?post=104740"},{"taxonomy":"post_tag","embeddable":true,"href":"https:\/\/www.europesays.com\/pt\/wp-json\/wp\/v2\/tags?post=104740"}],"curies":[{"name":"wp","href":"https:\/\/api.w.org\/{rel}","templated":true}]}}