{"id":104743,"date":"2025-10-10T09:45:39","date_gmt":"2025-10-10T09:45:39","guid":{"rendered":"https:\/\/www.europesays.com\/pt\/104743\/"},"modified":"2025-10-10T09:45:39","modified_gmt":"2025-10-10T09:45:39","slug":"juiz-manda-para-a-cadeia-mulher-que-incendiou-casa-da-vizinha-em-braga","status":"publish","type":"post","link":"https:\/\/www.europesays.com\/pt\/104743\/","title":{"rendered":"Juiz manda para a cadeia mulher que incendiou casa da vizinha em Braga"},"content":{"rendered":"<p>Vai aguardar julgamento em pris\u00e3o preventiva a mulher, de 54 anos, detida por pegar fogo \u00e0 casa de uma vizinha, em Lama\u00e7\u00e3es, Braga. <\/p>\n<p>&#13;<br \/>\n&#13;<br \/>\n&#13;<\/p>\n<p>Presente hoje a tribunal, o juiz aplicou-lhe a medida de coa\u00e7\u00e3o mais gravosa e a suspeita j\u00e1 foi encaminhada para o Estabelecimento Prisional Feminino de Santa Cruz do Bispo, em\u00a0Matosinhos, distrito do Porto. <\/p>\n<p>Como O MINHO noticiou, <a href=\"https:\/\/ominho.pt\/mulher-incendeia-apartamento-da-vizinha-em-braga\/\" rel=\"nofollow noopener\" target=\"_blank\">os factos aconteceram no dia 18 de agosto, tendo a suspeito sido ontem detida pela Pol\u00edcia Judici\u00e1ria (PJ) de Braga.<\/a><\/p>\n<p>\u201cEm contexto de m\u00e1 vizinhan\u00e7a, ap\u00f3s interpelar uma moradora da fra\u00e7\u00e3o cont\u00edgua, a suspeita muniu-se de l\u00edquido acelerante, derramando-o na porta da vizinha, procedendo \u00e0 sua igni\u00e7\u00e3o por chama direta e regressou \u00e0 sua habita\u00e7\u00e3o\u201d, refere a PJ em comunicado.<\/p>\n<p>O comunicado acrescenta que, \u201cno interior do apartamento atingido, encontravam-se diversas pessoas que, ao deparar-se com as chamas na porta, imediatamente se socorreram de objetos e \u00e1gua, tendo, com alguma dificuldade, procedido \u00e0 sua imediata extin\u00e7\u00e3o, impedindo a propaga\u00e7\u00e3o do inc\u00eandio \u00e0 fra\u00e7\u00e3o e ao restante pr\u00e9dio, onde residem dezenas de pessoas\u201d.<\/p>\n<p>Detida fora de flagrante delito, a mulher apresenta vastas refer\u00eancias criminais, estando conotada com autoria de il\u00edcitos de distintas naturezas.<\/p>\n","protected":false},"excerpt":{"rendered":"Vai aguardar julgamento em pris\u00e3o preventiva a mulher, de 54 anos, detida por pegar fogo \u00e0 casa de&hellip;\n","protected":false},"author":2,"featured_media":104744,"comment_status":"","ping_status":"","sticky":false,"template":"","format":"standard","meta":{"footnotes":""},"categories":[10],"tags":[27,28,15,16,14,25,26,21,22,12,13,19,20,32,23,24,33,17,18,29,30,31],"class_list":{"0":"post-104743","1":"post","2":"type-post","3":"status-publish","4":"format-standard","5":"has-post-thumbnail","7":"category-portugal","8":"tag-breaking-news","9":"tag-breakingnews","10":"tag-featured-news","11":"tag-featurednews","12":"tag-headlines","13":"tag-latest-news","14":"tag-latestnews","15":"tag-main-news","16":"tag-mainnews","17":"tag-news","18":"tag-noticias","19":"tag-noticias-principais","20":"tag-noticiasprincipais","21":"tag-portugal","22":"tag-principais-noticias","23":"tag-principaisnoticias","24":"tag-pt","25":"tag-top-stories","26":"tag-topstories","27":"tag-ultimas","28":"tag-ultimas-noticias","29":"tag-ultimasnoticias"},"share_on_mastodon":{"url":"","error":""},"_links":{"self":[{"href":"https:\/\/www.europesays.com\/pt\/wp-json\/wp\/v2\/posts\/104743","targetHints":{"allow":["GET"]}}],"collection":[{"href":"https:\/\/www.europesays.com\/pt\/wp-json\/wp\/v2\/posts"}],"about":[{"href":"https:\/\/www.europesays.com\/pt\/wp-json\/wp\/v2\/types\/post"}],"author":[{"embeddable":true,"href":"https:\/\/www.europesays.com\/pt\/wp-json\/wp\/v2\/users\/2"}],"replies":[{"embeddable":true,"href":"https:\/\/www.europesays.com\/pt\/wp-json\/wp\/v2\/comments?post=104743"}],"version-history":[{"count":0,"href":"https:\/\/www.europesays.com\/pt\/wp-json\/wp\/v2\/posts\/104743\/revisions"}],"wp:featuredmedia":[{"embeddable":true,"href":"https:\/\/www.europesays.com\/pt\/wp-json\/wp\/v2\/media\/104744"}],"wp:attachment":[{"href":"https:\/\/www.europesays.com\/pt\/wp-json\/wp\/v2\/media?parent=104743"}],"wp:term":[{"taxonomy":"category","embeddable":true,"href":"https:\/\/www.europesays.com\/pt\/wp-json\/wp\/v2\/categories?post=104743"},{"taxonomy":"post_tag","embeddable":true,"href":"https:\/\/www.europesays.com\/pt\/wp-json\/wp\/v2\/tags?post=104743"}],"curies":[{"name":"wp","href":"https:\/\/api.w.org\/{rel}","templated":true}]}}