{"id":104755,"date":"2025-10-10T09:54:10","date_gmt":"2025-10-10T09:54:10","guid":{"rendered":"https:\/\/www.europesays.com\/pt\/104755\/"},"modified":"2025-10-10T09:54:10","modified_gmt":"2025-10-10T09:54:10","slug":"medica-que-venceu-cancer-de-mama-revela-como-a-perda-do-cabelo-mudou-sua-autoestima","status":"publish","type":"post","link":"https:\/\/www.europesays.com\/pt\/104755\/","title":{"rendered":"M\u00e9dica que venceu c\u00e2ncer de mama revela como a perda do cabelo mudou sua autoestima"},"content":{"rendered":"\n<p class=\" content-text__container theme-color-primary-first-letter\" data-track-category=\"Link no Texto\" data-track-links=\"\"> Aos 40 anos, <strong>Denise Ozores<\/strong> vivia o auge da carreira. Especialista em dermatologia, ela orientava diariamente pacientes sobre autoestima e cuidados com a pele, sempre destacando a import\u00e2ncia do equil\u00edbrio entre sa\u00fade e apar\u00eancia. No entanto, tudo mudou com a descoberta do c\u00e2ncer de mama, em setembro de 2020. <\/p>\n<ul class=\"content-unordered-list\">\n<li><strong>Outubro Rosa: <\/strong><a class=\"\" href=\"https:\/\/oglobo.globo.com\/ela\/noticia\/2025\/10\/03\/outubro-rosa-70percent-das-mulheres-com-cancer-de-mama-relatam-abandono-do-companheiro-revela-levantamento.ghtml\" rel=\"nofollow noopener\" target=\"_blank\"><strong>70% das mulheres com c\u00e2ncer de mama relatam abandono do companheiro, revela levantamento<\/strong><\/a><\/li>\n<li><strong>Veja: <\/strong><a class=\"\" href=\"https:\/\/oglobo.globo.com\/ela\/gente\/noticia\/2025\/08\/17\/apos-vencer-o-cancer-medica-transforma-forma-de-enxergar-a-estetica-e-reforca-beleza-natural.ghtml\" rel=\"nofollow noopener\" target=\"_blank\"><strong>Ap\u00f3s vencer o c\u00e2ncer, m\u00e9dica transforma forma de enxergar a est\u00e9tica e refor\u00e7a &#8216;beleza natural&#8217;<\/strong><\/a><\/li>\n<\/ul>\n<p class=\" content-text__container \" data-track-category=\"Link no Texto\" data-track-links=\"\"> &#8220;Eu sempre orientei mulheres sobre preven\u00e7\u00e3o e est\u00e9tica, mas nada me preparou para viver isso na pele&#8221;, relembra. &#8220;Quando ouvi o diagn\u00f3stico, o medo tomou conta. Pela primeira vez, eu estava do outro lado, como paciente&#8221;, conta. <\/p>\n<p class=\" content-text__container \" data-track-category=\"Link no Texto\" data-track-links=\"\"> O tratamento, sob os cuidados do oncologista Fernando Maluf, incluiu cirurgia, quimioterapia e radioterapia. Entre os momentos mais marcantes, Denise destaca a queda de cabelo. &#8220;Foi um choque. Eu olhava no espelho e n\u00e3o me reconhecia. A m\u00e9dica confiante deu lugar a uma mulher vulner\u00e1vel, tentando aceitar uma nova imagem&#8221;, destaca. <\/p>\n<p class=\" content-text__container \" data-track-category=\"Link no Texto\" data-track-links=\"\"> Com o tempo, a m\u00e9dica passou a encarar essa mudan\u00e7a com outra perspectiva: &#8220;Entendi que n\u00e3o era o cabelo que me definia, mas como eu me via. Durante anos, falei sobre harmonia e est\u00e9tica, mas o c\u00e2ncer me ensinou que a verdadeira beleza come\u00e7a por dentro.&#8221; <\/p>\n<p>      <img decoding=\"async\" class=\"content-media__image\"  src=\"https:\/\/www.europesays.com\/pt\/wp-content\/uploads\/2025\/10\/befunky-collage-2025-10-09t125014.352.jpg\" alt=\"M\u00e9dica perde cabelo durante quimioterapia e d\u00e1 li\u00e7\u00e3o de autoestima no Outubro Rosa \u2014 Foto: Arquivo pessoal \/ CO Assessoria\" width=\"3264\" height=\"2311\" loading=\"lazy\"\/>  M\u00e9dica perde cabelo durante quimioterapia e d\u00e1 li\u00e7\u00e3o de autoestima no Outubro Rosa \u2014 Foto: Arquivo pessoal \/ CO Assessoria       <\/p>\n<p class=\" content-text__container \" data-track-category=\"Link no Texto\" data-track-links=\"\"> Ap\u00f3s entrar em remiss\u00e3o, Denise decidiu transformar sua experi\u00eancia em uma forma de conscientiza\u00e7\u00e3o. &#8220;Ser m\u00e9dica n\u00e3o me blindou. Se eu n\u00e3o tivesse feito meus exames de rotina, talvez n\u00e3o estivesse aqui. A preven\u00e7\u00e3o \u00e9 o maior ato de amor-pr\u00f3prio que uma mulher pode ter&#8221;, afirma. <\/p>\n<p class=\" content-text__container \" data-track-category=\"Link no Texto\" data-track-links=\"\"> Hoje, ela diz que leva consigo cicatrizes que contam uma hist\u00f3ria de resili\u00eancia e autoconhecimento. &#8220;Perder o cabelo foi o in\u00edcio de uma nova fase. Aprendi a olhar para mim com mais compaix\u00e3o e verdade. A beleza real n\u00e3o est\u00e1 no que mostramos, mas no que conseguimos superar&#8221;, declara. <\/p>\n","protected":false},"excerpt":{"rendered":"Aos 40 anos, Denise Ozores vivia o auge da carreira. Especialista em dermatologia, ela orientava diariamente pacientes sobre&hellip;\n","protected":false},"author":2,"featured_media":104756,"comment_status":"","ping_status":"","sticky":false,"template":"","format":"standard","meta":{"footnotes":""},"categories":[86],"tags":[319,116,32,33,318,117],"class_list":{"0":"post-104755","1":"post","2":"type-post","3":"status-publish","4":"format-standard","5":"has-post-thumbnail","7":"category-saude","8":"tag-hard-news","9":"tag-health","10":"tag-portugal","11":"tag-pt","12":"tag-radar","13":"tag-saude"},"share_on_mastodon":{"url":"","error":""},"_links":{"self":[{"href":"https:\/\/www.europesays.com\/pt\/wp-json\/wp\/v2\/posts\/104755","targetHints":{"allow":["GET"]}}],"collection":[{"href":"https:\/\/www.europesays.com\/pt\/wp-json\/wp\/v2\/posts"}],"about":[{"href":"https:\/\/www.europesays.com\/pt\/wp-json\/wp\/v2\/types\/post"}],"author":[{"embeddable":true,"href":"https:\/\/www.europesays.com\/pt\/wp-json\/wp\/v2\/users\/2"}],"replies":[{"embeddable":true,"href":"https:\/\/www.europesays.com\/pt\/wp-json\/wp\/v2\/comments?post=104755"}],"version-history":[{"count":0,"href":"https:\/\/www.europesays.com\/pt\/wp-json\/wp\/v2\/posts\/104755\/revisions"}],"wp:featuredmedia":[{"embeddable":true,"href":"https:\/\/www.europesays.com\/pt\/wp-json\/wp\/v2\/media\/104756"}],"wp:attachment":[{"href":"https:\/\/www.europesays.com\/pt\/wp-json\/wp\/v2\/media?parent=104755"}],"wp:term":[{"taxonomy":"category","embeddable":true,"href":"https:\/\/www.europesays.com\/pt\/wp-json\/wp\/v2\/categories?post=104755"},{"taxonomy":"post_tag","embeddable":true,"href":"https:\/\/www.europesays.com\/pt\/wp-json\/wp\/v2\/tags?post=104755"}],"curies":[{"name":"wp","href":"https:\/\/api.w.org\/{rel}","templated":true}]}}