{"id":104761,"date":"2025-10-10T09:58:15","date_gmt":"2025-10-10T09:58:15","guid":{"rendered":"https:\/\/www.europesays.com\/pt\/104761\/"},"modified":"2025-10-10T09:58:15","modified_gmt":"2025-10-10T09:58:15","slug":"plano-de-cessar-fogo-aprovado-israel-comeca-a-retirar-maquina-de-guerra-da-faixa-de-gaza","status":"publish","type":"post","link":"https:\/\/www.europesays.com\/pt\/104761\/","title":{"rendered":"Plano de cessar-fogo aprovado. Israel come\u00e7a a retirar m\u00e1quina de guerra da Faixa de Gaza"},"content":{"rendered":"<p>                    <b>Foi j\u00e1 de madrugada que o Governo de Israel deu luz verde \u00e0 execu\u00e7\u00e3o da primeira fase do acordo de cessar-fogo, que abre caminho \u00e0 suspens\u00e3o das hostilidades e \u00e0 liberta\u00e7\u00e3o de todos os ref\u00e9ns mantidos em Gaza.<\/b><\/p>\n<p>&#8220;O Governo acaba de aprovar o acordo para a liberta\u00e7\u00e3o de todos os ref\u00e9ns \u2013 os vivos e os mortos&#8221;, anunciou o primeiro-ministro israelita, Benjamin Netanyahu, na rede social X.<\/p>\n<p>O executivo de Benjamin Netanyahu esteve reunido v\u00e1rias horas antes da vota\u00e7\u00e3o final do documento, que ser\u00e1 assinado esta sexta-feira, no Egito.<\/p>\n<p>A primeira fase foi aprovada apesar da oposi\u00e7\u00e3o de elementos da extrema-direita do Governo de Benjamin Netanyahu, incluindo o ministro israelita da Seguran\u00e7a Nacional, Itamar Ben-Gvir.<\/p>\n<p>Apesar da luz verde, n\u00e3o est\u00e1 claro quando \u00e9 que o cessar-fogo entrar\u00e1 oficialmente em vigor. <b>Segundo a Reuters, um porta-voz do Governo israelita disse que o cessar-fogo entraria em vigor dentro de 24 horas ap\u00f3s a aprova\u00e7\u00e3o do acordo pelo Governo. Ap\u00f3s este per\u00edodo de 24 horas, os ref\u00e9ns mantidos em Gaza seriam libertados no prazo de 72 horas.<\/b><\/p>\n<p>Apesar disso, o chefe do Hamas diz ter recebido garantias dos EUA e dos mediadores de que a guerra \u201cterminou completamente\u201d.<br \/>&#13;<br \/>\nTropas israelitas come\u00e7am a recuar<br \/>&#13;\n<\/p>\n<p>&#13;<br \/>\n<b>As For\u00e7as de Defesa de Israel (IDF, na sigla em ingl\u00eas) ter\u00e3o iniciado a retirada para as linhas de mobiliza\u00e7\u00e3o definidas no acordo de cessar-fogo de Gaza, segundo anunciou um respons\u00e1vel da Defesa Civil de Gaza.<\/b>&#13;\n<\/p>\n<p>&#13;<br \/>\n&#8220;As for\u00e7as israelitas retiraram-se de v\u00e1rias zonas da Cidade de Gaza&#8221;, disse Mohammad Al-Mughayyir, diretor do Departamento de Ajuda Humanit\u00e1ria e Coopera\u00e7\u00e3o Internacional da organiza\u00e7\u00e3o.\u00a0&#13;\n<\/p>\n<p>&#13;<br \/>\n<b>Em Khan Younis, no sul da Faixa de Gaza, &#8220;os ve\u00edculos israelitas retiraram-se das partes sul e central da cidade para as zonas leste&#8221;, acrescentou.<br \/>&#13;<br \/>\n<\/b>&#13;\n<\/p>\n<p>\nEste acordo, assinado na noite de quarta-feira no Egipto, faz parte de um plano de paz de 20 pontos para Gaza, anunciado pelo presidente norte-americano, Donald Trump, a 29 de setembro.<br \/>\n<b><br \/>&#13;<br \/>\nSegundo o plano, o ex\u00e9rcito israelita tem 24 horas para recuar no terreno, mas manter\u00e1 o controlo de 53% da Faixa de Gaza. O Hamas, por sua vez, tem 72 hora para libertar os ref\u00e9ns. De seguida, Israel ter\u00e1 de libertar dois mil prisioneiros palestinianos. <\/b>Das 251 pessoas raptadas e levadas para Gaza no ataque de 7 de outubro de 2023, 47 permanecem ref\u00e9ns, das quais pelo menos 25 est\u00e3o mortas, segundo o ex\u00e9rcito israelita.<\/p>\n<p>Para al\u00e9m disso, com a entrada em vigor do acordo, fica tamb\u00e9m autorizada a entrada em Gaza de 400 cami\u00f5es por dia com ajuda humanit\u00e1ria.<br \/>&#13;<br \/>\nQual o pr\u00f3ximo passo?<br \/>&#13;<br \/>\nAs negocia\u00e7\u00f5es para a segunda fase do plano de Trump deveriam come\u00e7ar &#8220;imediatamente&#8221; ap\u00f3s a assinatura do acordo da primeira fase, de acordo com um respons\u00e1vel do Hamas.<\/p>\n<p><b>O acordo pressup\u00f5e o desarmamento do Hamas e a retirada das tropas israelitas do enclave. Donald Trump garantiu, na quinta-feira, que tal &#8220;desarmamento&#8221; e &#8220;retirada&#8221; iriam ocorrer, mas n\u00e3o forneceu um calend\u00e1rio. <\/b>Esta segunda fase do acordo promete ser mais exigente, uma vez que o movimento palestiniano tem recusado repetidamente as exig\u00eancias de Israel para o desarmamento.  <\/p>\n<p>O acordo prev\u00ea ainda a cria\u00e7\u00e3o de um &#8220;comit\u00e9 de paz&#8221; presidido pelo pr\u00f3prio Trump para supervisionar o Governo de transi\u00e7\u00e3o em Gaza.<\/p>\n<p><b>Duzentos soldados norte-americanos ser\u00e3o tamb\u00e9m mobilizados para Israel para &#8220;supervisionar&#8221; e &#8220;observar&#8221; a implementa\u00e7\u00e3o do acordo de paz em Gaza. <\/b>No entanto, n\u00e3o est\u00e1 previsto o envio de tropas norte-americanas para o enclave palestiniano.<\/p>\n<p>&#13;<br \/>\nO Comando Central das For\u00e7as Armadas dos EUA vai criar uma task-force, conhecida como Centro de Coordena\u00e7\u00e3o Civil-Militar, ou CMCC. A fun\u00e7\u00e3o do CMCC ser\u00e1 facilitar o fluxo de assist\u00eancia para Gaza, incluindo assist\u00eancia de seguran\u00e7a e ajuda humanit\u00e1ria, segundo explicaram autoridades norte-americanas.&#13;<\/p>\n","protected":false},"excerpt":{"rendered":"Foi j\u00e1 de madrugada que o Governo de Israel deu luz verde \u00e0 execu\u00e7\u00e3o da primeira fase do&hellip;\n","protected":false},"author":2,"featured_media":104762,"comment_status":"","ping_status":"","sticky":false,"template":"","format":"standard","meta":{"footnotes":""},"categories":[50],"tags":[27,28,256,15,16,532,255,14,259,25,26,21,22,62,12,13,19,20,431,23,24,17,18,29,30,31,63,64,65],"class_list":{"0":"post-104761","1":"post","2":"type-post","3":"status-publish","4":"format-standard","5":"has-post-thumbnail","7":"category-mundo","8":"tag-breaking-news","9":"tag-breakingnews","10":"tag-cessar-fogo","11":"tag-featured-news","12":"tag-featurednews","13":"tag-gaza","14":"tag-hamas","15":"tag-headlines","16":"tag-israel","17":"tag-latest-news","18":"tag-latestnews","19":"tag-main-news","20":"tag-mainnews","21":"tag-mundo","22":"tag-news","23":"tag-noticias","24":"tag-noticias-principais","25":"tag-noticiasprincipais","26":"tag-palestina","27":"tag-principais-noticias","28":"tag-principaisnoticias","29":"tag-top-stories","30":"tag-topstories","31":"tag-ultimas","32":"tag-ultimas-noticias","33":"tag-ultimasnoticias","34":"tag-world","35":"tag-world-news","36":"tag-worldnews"},"share_on_mastodon":{"url":"","error":""},"_links":{"self":[{"href":"https:\/\/www.europesays.com\/pt\/wp-json\/wp\/v2\/posts\/104761","targetHints":{"allow":["GET"]}}],"collection":[{"href":"https:\/\/www.europesays.com\/pt\/wp-json\/wp\/v2\/posts"}],"about":[{"href":"https:\/\/www.europesays.com\/pt\/wp-json\/wp\/v2\/types\/post"}],"author":[{"embeddable":true,"href":"https:\/\/www.europesays.com\/pt\/wp-json\/wp\/v2\/users\/2"}],"replies":[{"embeddable":true,"href":"https:\/\/www.europesays.com\/pt\/wp-json\/wp\/v2\/comments?post=104761"}],"version-history":[{"count":0,"href":"https:\/\/www.europesays.com\/pt\/wp-json\/wp\/v2\/posts\/104761\/revisions"}],"wp:featuredmedia":[{"embeddable":true,"href":"https:\/\/www.europesays.com\/pt\/wp-json\/wp\/v2\/media\/104762"}],"wp:attachment":[{"href":"https:\/\/www.europesays.com\/pt\/wp-json\/wp\/v2\/media?parent=104761"}],"wp:term":[{"taxonomy":"category","embeddable":true,"href":"https:\/\/www.europesays.com\/pt\/wp-json\/wp\/v2\/categories?post=104761"},{"taxonomy":"post_tag","embeddable":true,"href":"https:\/\/www.europesays.com\/pt\/wp-json\/wp\/v2\/tags?post=104761"}],"curies":[{"name":"wp","href":"https:\/\/api.w.org\/{rel}","templated":true}]}}