{"id":104769,"date":"2025-10-10T10:03:07","date_gmt":"2025-10-10T10:03:07","guid":{"rendered":"https:\/\/www.europesays.com\/pt\/104769\/"},"modified":"2025-10-10T10:03:07","modified_gmt":"2025-10-10T10:03:07","slug":"moradia-t7-em-queijas-lembra-estilo-vitoriano-e-esta-a-venda-por-quase-um-milhao-new-in-oeiras","status":"publish","type":"post","link":"https:\/\/www.europesays.com\/pt\/104769\/","title":{"rendered":"Moradia T7 em Queijas lembra estilo vitoriano e est\u00e1 \u00e0 venda por quase um milh\u00e3o \u2014 New in Oeiras"},"content":{"rendered":"<p>A arquitetura da maioria das casas inglesas \u00e9 facilmente reconhecida pelos famosos tijolos que revestem o seu exterior. Muitos consideram este estilo de constru\u00e7\u00e3o uma verdadeira \u201cimagem de marca\u201d, preservando uma est\u00e9tica com mais de 100 anos. Em Queijas, h\u00e1 uma moradia constru\u00edda precisamente segundo esta arquitetura.<\/p>\n<p>A escolha dos tijolos n\u00e3o se deve apenas \u00e0 tradi\u00e7\u00e3o ou op\u00e7\u00e3o est\u00e9tica: as casas constru\u00eddas com este material garantem maior conforto t\u00e9rmico, maior durabilidade e os custos de manuten\u00e7\u00e3o s\u00e3o mais reduzidos.<\/p>\n<p>\u00c0 <a href=\"https:\/\/www.idealista.pt\/imovel\/34276219\/foto\/2\/\" target=\"_blank\" rel=\"noopener nofollow\">venda<\/a> por quase um milh\u00e3o de euros, a propriedade em Queijas foi <strong>projetada pelo arquiteto portugu\u00eas Raul Hestnes Ferreira<\/strong>. Nascido em 1931, em Lisboa, estudou na Escola Superior de Belas-Artes do Porto e de Lisboa. Concluiu o curso de Arquitetura em 1961, iniciando ent\u00e3o o seu percurso profissional.<\/p>\n<p>O arquiteto destacou-se por obras como a Casa da Cultura de Beja, a Escola Secund\u00e1ria de Benfica ou o ISCTE \u2013 Instituto Universit\u00e1rio de Lisboa. Apesar de privilegiar um estilo mais geom\u00e9trico, Hestnes Ferreira desenhou obras diferentes e emblem\u00e1ticas. <strong>Um dos exemplos mais emblem\u00e1ticos \u00e9 a Biblioteca Municipal da Moita<\/strong>, constru\u00edda com tijolo laranja, que reflete um equil\u00edbrio entre forma, fun\u00e7\u00e3o e identidade est\u00e9tica.\u00a0<\/p>\n<p><img decoding=\"async\" loading=\"lazy\" class=\"wp-image-145254 size-full\" src=\"https:\/\/www.europesays.com\/pt\/wp-content\/uploads\/2025\/10\/ea0278f6be449360dfe46177eb4ff734.jpeg\" alt=\"Biblioteca Municipal da Moita.\" width=\"1000\" height=\"666\"  \/>Biblioteca Municipal da Moita.<\/p>\n<p>A moradia em Queijas surge com uma arquitetura igual, constru\u00edda com base no mesmo tipo de tijolo laranja. Finalizada em 1973, a casa fica localizada junto \u00e0 perto da entrada da autoestrada e conta com nove divis\u00f5es distribu\u00eddas por quatro pisos, com destaque para o jardim e garagem. Desde a sua constru\u00e7\u00e3o, a moradia n\u00e3o sofreu qualquer tipo de obras e encontra-se no estado original.<\/p>\n<p>No piso t\u00e9rreo est\u00e1 um hall de entrada com roupeiro, duas salas, uma de estar com lareira, e outra sala de jantar, uma cozinha com acesso ao jardim e uma casa de banho. Esta \u00e1rea conta ainda com um escrit\u00f3rio junto \u00e0 sala de estar.\u00a0<\/p>\n<p>Subindo ao primeiro piso, encontramos quatro su\u00edtes, duas delas com roupeiros, e uma com varanda. J\u00e1 no segundo piso existem mais dois quartos, uma casa de banho e uma zona de arrumos, com destaque para o acesso a um terra\u00e7o com vista para o mar.\u00a0<\/p>\n<p><strong>A moradia inclui ainda uma cave, que tem liga\u00e7\u00e3o direta com o exterior atrav\u00e9s de portas de vidro.<\/strong> Esta zona conta com um sal\u00e3o com lareira, dividido em duas partes por um arco e um bar.\u00a0\u00a0<\/p>\n<p>No exterior, h\u00e1 um jardim com zonas de estar e \u00e1rvores de fruto, bem como uma garagem e uma arrecada\u00e7\u00e3o. Com uma \u00e1rea bruta de 352 metros quadrados, o im\u00f3vel est\u00e1 \u00e0 venda por 990 mil euros e \u00e9 considerada uma casa hist\u00f3rica.\u00a0<\/p>\n<p>Carregue na galeria para ver fotografias da moradia em Queijas.<\/p>\n","protected":false},"excerpt":{"rendered":"A arquitetura da maioria das casas inglesas \u00e9 facilmente reconhecida pelos famosos tijolos que revestem o seu exterior.&hellip;\n","protected":false},"author":2,"featured_media":104770,"comment_status":"","ping_status":"","sticky":false,"template":"","format":"standard","meta":{"footnotes":""},"categories":[144],"tags":[207,205,206,203,201,202,204,114,115,32,33],"class_list":{"0":"post-104769","1":"post","2":"type-post","3":"status-publish","4":"format-standard","5":"has-post-thumbnail","7":"category-arte-e-design","8":"tag-arte","9":"tag-arte-e-design","10":"tag-artedesign","11":"tag-arts","12":"tag-arts-and-design","13":"tag-artsanddesign","14":"tag-design","15":"tag-entertainment","16":"tag-entretenimento","17":"tag-portugal","18":"tag-pt"},"share_on_mastodon":{"url":"","error":""},"_links":{"self":[{"href":"https:\/\/www.europesays.com\/pt\/wp-json\/wp\/v2\/posts\/104769","targetHints":{"allow":["GET"]}}],"collection":[{"href":"https:\/\/www.europesays.com\/pt\/wp-json\/wp\/v2\/posts"}],"about":[{"href":"https:\/\/www.europesays.com\/pt\/wp-json\/wp\/v2\/types\/post"}],"author":[{"embeddable":true,"href":"https:\/\/www.europesays.com\/pt\/wp-json\/wp\/v2\/users\/2"}],"replies":[{"embeddable":true,"href":"https:\/\/www.europesays.com\/pt\/wp-json\/wp\/v2\/comments?post=104769"}],"version-history":[{"count":0,"href":"https:\/\/www.europesays.com\/pt\/wp-json\/wp\/v2\/posts\/104769\/revisions"}],"wp:featuredmedia":[{"embeddable":true,"href":"https:\/\/www.europesays.com\/pt\/wp-json\/wp\/v2\/media\/104770"}],"wp:attachment":[{"href":"https:\/\/www.europesays.com\/pt\/wp-json\/wp\/v2\/media?parent=104769"}],"wp:term":[{"taxonomy":"category","embeddable":true,"href":"https:\/\/www.europesays.com\/pt\/wp-json\/wp\/v2\/categories?post=104769"},{"taxonomy":"post_tag","embeddable":true,"href":"https:\/\/www.europesays.com\/pt\/wp-json\/wp\/v2\/tags?post=104769"}],"curies":[{"name":"wp","href":"https:\/\/api.w.org\/{rel}","templated":true}]}}