{"id":104771,"date":"2025-10-10T10:08:13","date_gmt":"2025-10-10T10:08:13","guid":{"rendered":"https:\/\/www.europesays.com\/pt\/104771\/"},"modified":"2025-10-10T10:08:13","modified_gmt":"2025-10-10T10:08:13","slug":"juventus-pagou-12-milhoes-de-euros-no-verao-e-pensa-em-vender-internacional-portugues-ja-em-janeiro","status":"publish","type":"post","link":"https:\/\/www.europesays.com\/pt\/104771\/","title":{"rendered":"Juventus pagou 12 milh\u00f5es de euros no ver\u00e3o e pensa em vender internacional portugu\u00eas j\u00e1 em janeiro"},"content":{"rendered":"<p>&#8211; Advertisement &#8211;<\/p>\n<p><strong>A Juventus cogita vender Jo\u00e3o M\u00e1rio j\u00e1 em janeiro. Lateral direito portugu\u00eas chegou ao clube no ver\u00e3o, mas tem tido dificuldades. <\/strong><\/p>\n<p>A Juventus j\u00e1 pensa no futuro de Jo\u00e3o M\u00e1rio. De acordo com o Calciomercato, a Vecchia Signora n\u00e3o est\u00e1 satisfeita com o rendimento do portugu\u00eas e cogita uma venda na pr\u00f3xima janela de transfer\u00eancias, j\u00e1 em janeiro.<\/p>\n<p>Mais do que as qualidades do portugu\u00eas, a Juventus est\u00e1 preocupada com as quest\u00f5es f\u00edsicas em torno de Jo\u00e3o M\u00e1rio. O jogador tem tido algumas les\u00f5es e a sua continuidade em It\u00e1lia est\u00e1 a ser posta em causa internamente.<\/p>\n<p>Num neg\u00f3cio paralelo \u00e0 chegada de Alberto Costa ao FC Porto,<a href=\"https:\/\/bolanarede.pt\/especial-bola-na-rede\/atualidade\/fc-porto-oficializa-saida-joao-mario-para-a-juventus-e-revela-pormenores-do-negocio\/\" target=\"_blank\" rel=\"noreferrer noopener nofollow\"> Jo\u00e3o M\u00e1rio rumou \u00e0 Juventus por 12 milh\u00f5es de euros.<\/a> At\u00e9 ao momento, o lateral portugu\u00eas soma sete jogos e uma assist\u00eancia, em apenas duas titularidades pelos bianconeri.  <\/p>\n<p><img fetchpriority=\"high\" decoding=\"async\" width=\"1024\" height=\"576\" src=\"data:image\/svg+xml,%3Csvg%20xmlns=\" http:=\"\" alt=\"Jo\u00e3o M\u00e1rio Juventus\" class=\"wp-image-419420 ewww_webp_lazy_load\" data-lazy- data-lazy- data-lazy-src=\"https:\/\/www.europesays.com\/pt\/wp-content\/uploads\/2025\/10\/Joao-Mario-Juventus-1024x576.jpg\" data-lazy-src-webp=\"https:\/\/www.europesays.com\/pt\/wp-content\/uploads\/2025\/10\/Joao-Mario-Juventus-1024x576.jpg.webp\" data-lazy-srcset-webp=\"https:\/\/www.europesays.com\/pt\/wp-content\/uploads\/2025\/10\/Joao-Mario-Juventus-1024x576.jpg.webp 1024w, https:\/\/binny-bolanarede.b-cdn.net\/wp-content\/uploads\/2025\/07\/Joao-Mario-Juventus-300x169.jpg.webp 300w, https:\/\/binny-bolanarede.b-cdn.net\/wp-content\/uploads\/2025\/07\/Joao-Mario-Juventus-768x432.jpg.webp 768w, https:\/\/binny-bolanarede.b-cdn.net\/wp-content\/uploads\/2025\/07\/Joao-Mario-Juventus-1536x864.jpg.webp 1536w, https:\/\/binny-bolanarede.b-cdn.net\/wp-content\/uploads\/2025\/07\/Joao-Mario-Juventus-150x84.jpg.webp 150w, https:\/\/binny-bolanarede.b-cdn.net\/wp-content\/uploads\/2025\/07\/Joao-Mario-Juventus-696x392.jpg.webp 696w, https:\/\/binny-bolanarede.b-cdn.net\/wp-content\/uploads\/2025\/07\/Joao-Mario-Juventus-1068x601.jpg.webp 1068w, https:\/\/binny-bolanarede.b-cdn.net\/wp-content\/uploads\/2025\/07\/Joao-Mario-Juventus.jpg.webp 1600w\"\/>Fonte: Juventus FC<\/p>\n","protected":false},"excerpt":{"rendered":"&#8211; Advertisement &#8211; A Juventus cogita vender Jo\u00e3o M\u00e1rio j\u00e1 em janeiro. Lateral direito portugu\u00eas chegou ao clube&hellip;\n","protected":false},"author":2,"featured_media":104772,"comment_status":"","ping_status":"","sticky":false,"template":"","format":"standard","meta":{"footnotes":""},"categories":[87],"tags":[260,135,438,690,32,33,2101,134],"class_list":{"0":"post-104771","1":"post","2":"type-post","3":"status-publish","4":"format-standard","5":"has-post-thumbnail","7":"category-desporto","8":"tag-atualidade","9":"tag-desporto","10":"tag-joao-mario","11":"tag-juventus","12":"tag-portugal","13":"tag-pt","14":"tag-serie-a","15":"tag-sports"},"share_on_mastodon":{"url":"","error":""},"_links":{"self":[{"href":"https:\/\/www.europesays.com\/pt\/wp-json\/wp\/v2\/posts\/104771","targetHints":{"allow":["GET"]}}],"collection":[{"href":"https:\/\/www.europesays.com\/pt\/wp-json\/wp\/v2\/posts"}],"about":[{"href":"https:\/\/www.europesays.com\/pt\/wp-json\/wp\/v2\/types\/post"}],"author":[{"embeddable":true,"href":"https:\/\/www.europesays.com\/pt\/wp-json\/wp\/v2\/users\/2"}],"replies":[{"embeddable":true,"href":"https:\/\/www.europesays.com\/pt\/wp-json\/wp\/v2\/comments?post=104771"}],"version-history":[{"count":0,"href":"https:\/\/www.europesays.com\/pt\/wp-json\/wp\/v2\/posts\/104771\/revisions"}],"wp:featuredmedia":[{"embeddable":true,"href":"https:\/\/www.europesays.com\/pt\/wp-json\/wp\/v2\/media\/104772"}],"wp:attachment":[{"href":"https:\/\/www.europesays.com\/pt\/wp-json\/wp\/v2\/media?parent=104771"}],"wp:term":[{"taxonomy":"category","embeddable":true,"href":"https:\/\/www.europesays.com\/pt\/wp-json\/wp\/v2\/categories?post=104771"},{"taxonomy":"post_tag","embeddable":true,"href":"https:\/\/www.europesays.com\/pt\/wp-json\/wp\/v2\/tags?post=104771"}],"curies":[{"name":"wp","href":"https:\/\/api.w.org\/{rel}","templated":true}]}}