{"id":104781,"date":"2025-10-10T10:14:32","date_gmt":"2025-10-10T10:14:32","guid":{"rendered":"https:\/\/www.europesays.com\/pt\/104781\/"},"modified":"2025-10-10T10:14:32","modified_gmt":"2025-10-10T10:14:32","slug":"fim-de-semana-pode-marcar-o-fim-de-temperaturas-elevadas-antevendo-se-a-chegada-do-verdadeiro-outono-na-proxima-semana","status":"publish","type":"post","link":"https:\/\/www.europesays.com\/pt\/104781\/","title":{"rendered":"Fim de semana pode marcar o fim de temperaturas elevadas, antevendo-se a chegada do verdadeiro outono na pr\u00f3xima semana"},"content":{"rendered":"<p> <img decoding=\"async\" fetchpriority=\"high\" src=\"https:\/\/www.europesays.com\/pt\/wp-content\/uploads\/2025\/10\/dailymotion-x9rwwni_1024.jpg\"  width=\"768\" height=\"432\" id=\"x9rwwni\"\/>  <\/p>\n<p>Portugal prepara-se para aquele que poder\u00e1 ser o \u00faltimo fim de semana de calor do ano, com temperaturas muito acima da m\u00e9dia e c\u00e9u geralmente limpo. Apesar da estabilidade, h\u00e1 risco de trovoadas localizadas no domingo. O anticiclone que tem dominado o tempo come\u00e7a a dar sinais de enfraquecimento.<\/p>\n<p>    <img decoding=\"async\" fetchpriority=\"high\" src=\"https:\/\/www.europesays.com\/pt\/wp-content\/uploads\/2025\/08\/helder-lopes.jpg\" alt=\"H\u00e9lder Lopes\" width=\"40\" height=\"40\"\/>    <a class=\"nombre text-hv\" href=\"https:\/\/www.tempo.pt\/autor\/helder-lopes\/\" title=\"H\u00e9lder Lopes\" rel=\"nofollow noopener\" target=\"_blank\">H\u00e9lder Lopes<\/a>         10\/10\/2025 08:03   6 min   <\/p>\n<p><strong>O ver\u00e3o parece resistir, pelo menos por mais alguns dias<\/strong>. <strong>As previs\u00f5es meteorol\u00f3gicas indicam que o pr\u00f3ximo fim de semana, 11 e 12 de outubro de 2025, ser\u00e1 marcado por temperaturas anormalmente elevadas para a \u00e9poca<\/strong>, c\u00e9u limpo e um ambiente mais pr\u00f3prio de agosto do que de pleno outono. O cen\u00e1rio mant\u00e9m-se sob a influ\u00eancia de um anticiclone robusto centrado sobre o Reino Unido, que continua a impor estabilidade e a impedir a chegada de frentes atl\u00e2nticas a Portugal Continental. Ainda assim, <strong>come\u00e7am a surgir sinais de mudan\u00e7a, com possibilidade de instabilidade atmosf\u00e9rica e ocorr\u00eancia de algumas trovoadas, sobretudo no domingo<\/strong>.<\/p>\n<p>A entrada no fim de semana pode ser pautada por temperaturas particularmente elevadas<\/p>\n<p><strong>Os \u00faltimos dias j\u00e1 tinham deixado antever esta persist\u00eancia do tempo seco e quente, com neblinas matinais em vales e zonas h\u00famidas<\/strong>, especialmente ao longo do litoral e nas plan\u00edcies do Tejo e Alentejo. No entanto, <strong>a entrada de ar quente e seco de leste vai intensificar-se durante o fim de semana, elevando as temperaturas a valores excecionalmente altos para outubro<\/strong>. Em muitos locais do interior e mesmo junto \u00e0 faixa costeira, as m\u00e1ximas dever\u00e3o situar-se entre 20 e 30 \u00b0C, enquanto as m\u00ednimas poder\u00e3o n\u00e3o descer abaixo dos 20 \u00b0C em algumas localidades.<\/p>\n<p>Seja o primeiro a receber as previs\u00f5es gra\u00e7as ao <strong><a href=\"https:\/\/www.whatsapp.com\/channel\/0029VaxX6njIyPtRY4lOMd1b\" target=\"_blank\" rel=\"nofollow noopener\">nosso canal do WhatsApp<\/a><\/strong>. Siga-nos e ative as notifica\u00e7\u00f5es.<\/p>\n<p><strong>No s\u00e1bado, 11 de outubro, o tempo ser\u00e1, de forma geral, est\u00e1vel e soalheiro<\/strong>. O c\u00e9u dever\u00e1 apresentar-se pouco nublado ou limpo em praticamente todo o territ\u00f3rio continental, com algum aumento de nebulosidade durante a tarde nas regi\u00f5es do interior norte e centro, onde poder\u00e3o formar-se nuvens de desenvolvimento vertical associadas a instabilidade local. <strong>A probabilidade de ocorr\u00eancia de aguaceiros ou trovoadas \u00e9 baixa, mas n\u00e3o completamente nula, podendo verificar-se fen\u00f3menos muito localizados em \u00e1reas montanhosas<\/strong>.<\/p>\n<p><img loading=\"lazy\" decoding=\"async\" fetchpriority=\"low\" class=\"lazy \" src=\"https:\/\/www.europesays.com\/pt\/wp-content\/uploads\/2025\/10\/fim-de-semana-pode-marcar-o-fim-de-temperaturas-elevadas-antevendo-se-a-chegada-do-verdadeiro-outono.png\"  width=\"768\" height=\"432\" alt=\"Rajadas de vento at\u00e9 50 km\/h na regi\u00e3o centro de Portugal Continental\" title=\"Rajadas de vento at\u00e9 50 km\/h na regi\u00e3o centro de Portugal Continental\" data-image=\"34z4n1glo9ac\"\/>O vento soprar\u00e1 de leste, com rajadas que se aproximar\u00e3o dos 50 km\/h nas terras altas do centro do pa\u00eds no s\u00e1bado de manh\u00e3.<\/p>\n<p>O vento soprar\u00e1 de leste, em geral fraco a moderado, com rajadas que poder\u00e3o atingir os 50 km\/h nas terras altas do centro do pa\u00eds. <strong>A humidade relativa do ar ser\u00e1 baixa, inferior a 20% durante a tarde em v\u00e1rios pontos do territ\u00f3rio, o que, associado \u00e0s altas temperaturas e \u00e0 vegeta\u00e7\u00e3o seca<\/strong>, aumentar\u00e1 significativamente o risco de inc\u00eandio.<\/p>\n<p>Domingo pode marcar os primeiros sinais da instabilidade atmosf\u00e9rica<\/p>\n<p><strong>No domingo, 12 de outubro, o cen\u00e1rio repete-se em grande parte do pa\u00eds, mas com um ligeiro aumento da instabilidade atmosf\u00e9rica<\/strong>. O c\u00e9u continuar\u00e1 geralmente limpo, embora se preveja maior nebulosidade durante a tarde, em particular nas regi\u00f5es do centro, onde h\u00e1 possibilidade de aguaceiros e trovoadas isoladas. <strong>O vento manter-se-\u00e1 de leste, com a mesma intensidade, e as temperaturas continuar\u00e3o muito elevadas para esta altura do ano, entre 22 e 29 \u00b0C nas m\u00e1ximas e 12 a 21 \u00b0C nas m\u00ednimas<\/strong>. Tal como no dia anterior, o risco de inc\u00eandio permanecer\u00e1 muito elevado, e a radia\u00e7\u00e3o ultravioleta ser\u00e1 forte, com \u00edndice de 5.<\/p>\n<p><img loading=\"lazy\" decoding=\"async\" fetchpriority=\"low\" class=\"lazy \" src=\"https:\/\/www.europesays.com\/pt\/wp-content\/uploads\/2025\/10\/1760091272_232_fim-de-semana-pode-marcar-o-fim-de-temperaturas-elevadas-antevendo-se-a-chegada-do-verdadeiro-outono.png\"  width=\"768\" height=\"432\" alt=\"Temperaturas permanecem elevadas no domingo, podendo depois reduzir no in\u00edcio da semana.\" title=\"Temperaturas permanecem elevadas no domingo, podendo depois reduzir no in\u00edcio da semana.\" data-image=\"b7s2pbcn9xhw\"\/>No domingo, 12 de outubro, as temperaturas ainda permanecem elevadas, com m\u00e1ximas entre os 22 \u00baC na Guarda e os 30 \u00baC em M\u00e9rtola.<\/p>\n<p>Apesar da persist\u00eancia do tempo seco e quente, a atmosfera come\u00e7a a mostrar sinais de mudan\u00e7a. <strong>O modelo europeu ECMWF aponta para uma transi\u00e7\u00e3o nos regimes meteorol\u00f3gicos<\/strong>, com poss\u00edvel desloca\u00e7\u00e3o do anticiclone e enfraquecimento do padr\u00e3o de bloqueio que tem caracterizado o in\u00edcio do outono. <strong>Esta altera\u00e7\u00e3o poder\u00e1 abrir caminho a maior variabilidade atmosf\u00e9rica e ao regresso da chuva depois de meados do m\u00eas<\/strong>.<\/p>\n<p><strong>A evolu\u00e7\u00e3o futura depender\u00e1 tamb\u00e9m da trajet\u00f3ria e intensidade do ciclone tropical Jerry, atualmente no Atl\u00e2ntico<\/strong>. Ao contr\u00e1rio de Gabrielle, que afetou diretamente os A\u00e7ores em setembro, Jerry apresenta menor consenso entre os modelos e parece ter for\u00e7a inferior. Ainda assim, <strong>a sua intera\u00e7\u00e3o com o campo de press\u00e3o no Atl\u00e2ntico Norte poder\u00e1 alterar temporariamente a posi\u00e7\u00e3o do anticiclone<\/strong>, permitindo a entrada de frentes e precipita\u00e7\u00e3o em Portugal Continental.<\/p>\n<p><a class=\"imagen \" href=\"https:\/\/www.tempo.pt\/noticias\/previsao\/temperaturas-aumentam-e-chuva-pode-regressar-a-portugal-entre-os-dias-9-e-13-de-outubro-eis-as-zonas-afetadas.html\" title=\"Temperaturas aumentam e chuva pode regressar a Portugal entre os dias 9 e 13 de outubro: eis as zonas afetadas!\" rel=\"nofollow noopener\" target=\"_blank\"><img loading=\"lazy\" decoding=\"async\" fetchpriority=\"low\" class=\"lazy img-body non-editable\" src=\"https:\/\/www.europesays.com\/pt\/wp-content\/uploads\/2025\/10\/1760091272_654_temperaturas-aumentam-e-chuva-pode-regressar-a-portugal-entre-os-dias-9-e-13-de-outubro-eis-as-zonas.jpeg\"  width=\"320\" height=\"225\" alt=\"Temperaturas aumentam e chuva pode regressar a Portugal entre os dias 9 e 13 de outubro: eis as zonas afetadas!\"\/><\/a><\/p>\n<p><strong>Sublinha-se, contudo, que as previs\u00f5es a mais de uma semana ainda comportam grande incerteza<\/strong>. O mais prov\u00e1vel \u00e9 que este seja o \u00faltimo fim de semana de \u201cver\u00e3o\u201d do ano, com temperaturas cerca de 10\u00b0C acima da m\u00e9dia e uma atmosfera ainda dominada pela estabilidade e pelo calor. Depois<strong>, tudo indica que o outono poder\u00e1 finalmente impor-se, trazendo a t\u00e3o aguardada chuva e o ar fresco que t\u00eam faltado desde setembro<\/strong>. At\u00e9 l\u00e1, quem gosta de sol e calor dever\u00e1 aproveitar estes dias, que prometem ser os \u00faltimos suspiros do ver\u00e3o em 2025.<\/p>\n","protected":false},"excerpt":{"rendered":"Portugal prepara-se para aquele que poder\u00e1 ser o \u00faltimo fim de semana de calor do ano, com temperaturas&hellip;\n","protected":false},"author":2,"featured_media":104782,"comment_status":"","ping_status":"","sticky":false,"template":"","format":"standard","meta":{"footnotes":""},"categories":[10],"tags":[27,28,25277,15,16,14,25279,25278,25,26,21,22,12,13,19,20,32,8429,8426,23,24,33,17,18,29,30,31],"class_list":{"0":"post-104781","1":"post","2":"type-post","3":"status-publish","4":"format-standard","5":"has-post-thumbnail","7":"category-portugal","8":"tag-breaking-news","9":"tag-breakingnews","10":"tag-crista-anticiclonica","11":"tag-featured-news","12":"tag-featurednews","13":"tag-headlines","14":"tag-iminente-mudanca","15":"tag-instabilidade","16":"tag-latest-news","17":"tag-latestnews","18":"tag-main-news","19":"tag-mainnews","20":"tag-news","21":"tag-noticias","22":"tag-noticias-principais","23":"tag-noticiasprincipais","24":"tag-portugal","25":"tag-portugal-continental","26":"tag-previsao-meteorologica","27":"tag-principais-noticias","28":"tag-principaisnoticias","29":"tag-pt","30":"tag-top-stories","31":"tag-topstories","32":"tag-ultimas","33":"tag-ultimas-noticias","34":"tag-ultimasnoticias"},"share_on_mastodon":{"url":"","error":""},"_links":{"self":[{"href":"https:\/\/www.europesays.com\/pt\/wp-json\/wp\/v2\/posts\/104781","targetHints":{"allow":["GET"]}}],"collection":[{"href":"https:\/\/www.europesays.com\/pt\/wp-json\/wp\/v2\/posts"}],"about":[{"href":"https:\/\/www.europesays.com\/pt\/wp-json\/wp\/v2\/types\/post"}],"author":[{"embeddable":true,"href":"https:\/\/www.europesays.com\/pt\/wp-json\/wp\/v2\/users\/2"}],"replies":[{"embeddable":true,"href":"https:\/\/www.europesays.com\/pt\/wp-json\/wp\/v2\/comments?post=104781"}],"version-history":[{"count":0,"href":"https:\/\/www.europesays.com\/pt\/wp-json\/wp\/v2\/posts\/104781\/revisions"}],"wp:featuredmedia":[{"embeddable":true,"href":"https:\/\/www.europesays.com\/pt\/wp-json\/wp\/v2\/media\/104782"}],"wp:attachment":[{"href":"https:\/\/www.europesays.com\/pt\/wp-json\/wp\/v2\/media?parent=104781"}],"wp:term":[{"taxonomy":"category","embeddable":true,"href":"https:\/\/www.europesays.com\/pt\/wp-json\/wp\/v2\/categories?post=104781"},{"taxonomy":"post_tag","embeddable":true,"href":"https:\/\/www.europesays.com\/pt\/wp-json\/wp\/v2\/tags?post=104781"}],"curies":[{"name":"wp","href":"https:\/\/api.w.org\/{rel}","templated":true}]}}