{"id":104795,"date":"2025-10-10T10:27:09","date_gmt":"2025-10-10T10:27:09","guid":{"rendered":"https:\/\/www.europesays.com\/pt\/104795\/"},"modified":"2025-10-10T10:27:09","modified_gmt":"2025-10-10T10:27:09","slug":"parlamento-peruano-destitui-presidente-dina-boluarte","status":"publish","type":"post","link":"https:\/\/www.europesays.com\/pt\/104795\/","title":{"rendered":"Parlamento peruano destitui presidente Dina Boluarte"},"content":{"rendered":"<p>&#8220;A destitui\u00e7\u00e3o da presidente foi aprovada&#8221;, anunciou o presidente do parlamento do Peru, Jos\u00e9 Jer\u00ed, no final de uma sess\u00e3o \u00e0 qual Dina Boluarte n\u00e3o compareceu, apesar de ter sido convocada.<\/p>\n<p data-remotead-prev-elm=\"true\" data-remotead-elm-id=\"inread\">Ser\u00e1 agora o presidente do parlamento a assumir o poder interinamente at\u00e9 \u00e0s elei\u00e7\u00f5es gerais de abril de 2026.<\/p>\n<p>V\u00e1rias pessoas celebraram a decis\u00e3o \u00e0 frente ao parlamento, agitando bandeiras peruanas e empunhando cartazes com slogans contra a l\u00edder de 63 anos. Destitu\u00edda, Dina Boluarte perde a imunidade e fica agora exposta a poss\u00edveis processos judiciais que podem conduzi-la \u00e0 pris\u00e3o.<\/p>\n<p data-remotead-prev-elm=\"true\" data-remotead-elm-id=\"centro1\"><img decoding=\"async\" class=\"ngx-body\" guid=\"bfc68c3f-f071-452c-a207-1e73313398bc\" src=\"https:\/\/static.ni.aws.newsgen.io\/jn\/image.jpg?brand=JN&amp;type=generate&amp;guid=bfc68c3f-f071-452c-a207-1e73313398bc&amp;t=2025101007572929\" width=\"100%\"\/><br \/>Foto: Jorge CERDAN \/ AFP<\/p>\n<p>As principais for\u00e7as pol\u00edticas apresentaram na quinta-feira cinco mo\u00e7\u00f5es de destitui\u00e7\u00e3o e a an\u00e1lise de quatro delas foi aprovada durante a noite por maioria. As mo\u00e7\u00f5es invocam uma &#8220;incapacidade moral permanente&#8221; da dirigente para exercer as fun\u00e7\u00f5es de lideran\u00e7a, de acordo com os documentos lidos na abertura da sess\u00e3o parlamentar.<\/p>\n<p data-remotead-prev-elm=\"true\" data-remotead-elm-id=\"centro2\">Dina Boluarte j\u00e1 foi alvo de v\u00e1rias tentativas de destitui\u00e7\u00e3o, sem que nenhuma delas tenha sido bem-sucedida. Desta vez, o processo foi aprovado, com os partidos de direita e extrema-direita que a apoiavam at\u00e9 agora a recuarem.<\/p>\n<p>O Peru atravessa o pior per\u00edodo de instabilidade pol\u00edtica da hist\u00f3ria recente, com seis presidentes em quase nove anos. Chegada ao poder ap\u00f3s a destitui\u00e7\u00e3o do presidente Pedro Castillo, num contexto de manifesta\u00e7\u00f5es violentamente reprimidas que causaram pelo menos 50 mortos, Dina Boluarte enfrenta uma impopularidade recorde.<\/p>\n<p data-remotead-prev-elm=\"true\" data-remotead-elm-id=\"centro3\">O mandato ficou tamb\u00e9m manchado por v\u00e1rios esc\u00e2ndalos, incluindo o &#8220;Rolexgate&#8221;, relativo a rel\u00f3gios e joias de luxo que a l\u00edder n\u00e3o teria declarado, e uma rinoplastia realizada em julho de 2023, mantida em segredo, quando a lei a obriga a informar o \u00f3rg\u00e3o legislativo.<\/p>\n<p>Nas \u00faltimas semanas, os protestos contra o Governo multiplicaram-se em Lima, face a uma onda de extors\u00f5es e assassinatos atribu\u00eddos ao crime organizado.<\/p>\n","protected":false},"excerpt":{"rendered":"&#8220;A destitui\u00e7\u00e3o da presidente foi aprovada&#8221;, anunciou o presidente do parlamento do Peru, Jos\u00e9 Jer\u00ed, no final de&hellip;\n","protected":false},"author":2,"featured_media":104796,"comment_status":"","ping_status":"","sticky":false,"template":"","format":"standard","meta":{"footnotes":""},"categories":[50],"tags":[27,28,17703,15,16,14,25,26,21,22,62,12,13,19,20,3395,23,24,17,18,29,30,31,63,64,65],"class_list":{"0":"post-104795","1":"post","2":"type-post","3":"status-publish","4":"format-standard","5":"has-post-thumbnail","7":"category-mundo","8":"tag-breaking-news","9":"tag-breakingnews","10":"tag-crise-politica","11":"tag-featured-news","12":"tag-featurednews","13":"tag-headlines","14":"tag-latest-news","15":"tag-latestnews","16":"tag-main-news","17":"tag-mainnews","18":"tag-mundo","19":"tag-news","20":"tag-noticias","21":"tag-noticias-principais","22":"tag-noticiasprincipais","23":"tag-peru","24":"tag-principais-noticias","25":"tag-principaisnoticias","26":"tag-top-stories","27":"tag-topstories","28":"tag-ultimas","29":"tag-ultimas-noticias","30":"tag-ultimasnoticias","31":"tag-world","32":"tag-world-news","33":"tag-worldnews"},"share_on_mastodon":{"url":"","error":""},"_links":{"self":[{"href":"https:\/\/www.europesays.com\/pt\/wp-json\/wp\/v2\/posts\/104795","targetHints":{"allow":["GET"]}}],"collection":[{"href":"https:\/\/www.europesays.com\/pt\/wp-json\/wp\/v2\/posts"}],"about":[{"href":"https:\/\/www.europesays.com\/pt\/wp-json\/wp\/v2\/types\/post"}],"author":[{"embeddable":true,"href":"https:\/\/www.europesays.com\/pt\/wp-json\/wp\/v2\/users\/2"}],"replies":[{"embeddable":true,"href":"https:\/\/www.europesays.com\/pt\/wp-json\/wp\/v2\/comments?post=104795"}],"version-history":[{"count":0,"href":"https:\/\/www.europesays.com\/pt\/wp-json\/wp\/v2\/posts\/104795\/revisions"}],"wp:featuredmedia":[{"embeddable":true,"href":"https:\/\/www.europesays.com\/pt\/wp-json\/wp\/v2\/media\/104796"}],"wp:attachment":[{"href":"https:\/\/www.europesays.com\/pt\/wp-json\/wp\/v2\/media?parent=104795"}],"wp:term":[{"taxonomy":"category","embeddable":true,"href":"https:\/\/www.europesays.com\/pt\/wp-json\/wp\/v2\/categories?post=104795"},{"taxonomy":"post_tag","embeddable":true,"href":"https:\/\/www.europesays.com\/pt\/wp-json\/wp\/v2\/tags?post=104795"}],"curies":[{"name":"wp","href":"https:\/\/api.w.org\/{rel}","templated":true}]}}