{"id":104799,"date":"2025-10-10T10:34:28","date_gmt":"2025-10-10T10:34:28","guid":{"rendered":"https:\/\/www.europesays.com\/pt\/104799\/"},"modified":"2025-10-10T10:34:28","modified_gmt":"2025-10-10T10:34:28","slug":"apos-polemica-em-secret-story-rita-almeida-faz-revelacao-a-minha-mae-chegou-a-ir-para-o-hospital","status":"publish","type":"post","link":"https:\/\/www.europesays.com\/pt\/104799\/","title":{"rendered":"Ap\u00f3s pol\u00e9mica em &#8220;Secret Story&#8221;, Rita Almeida faz revela\u00e7\u00e3o: &#8220;A minha m\u00e3e chegou a ir para o hospital&#8221;"},"content":{"rendered":"<p>O segredo de Liliana Oliveira foi descoberto por Raquel Galv\u00e3o Dem\u00e9trio, esta quarta-feira, dia 8, numa emiss\u00e3o especial da nona edi\u00e7\u00e3o de &#8220;<a href=\"https:\/\/tvi.iol.pt\/secretstory\/\" target=\"_blank\" rel=\"nofollow noopener\">Secret Story<\/a> &#8211; Casa dos Segredos&#8221;. Os restantes concorrentes ficaram em choque, ou n\u00e3o tivesse a jovem, entretanto, terminado o noivado com Jos\u00e9 Andrade e beijado F\u00e1bio Pereira.\u00a0<\/p>\n<p>Quem n\u00e3o tamb\u00e9m ficou indiferente a este momento foi <a href=\"https:\/\/selfie.iol.pt\/famosos\/casa-dos-segredos\/rita-almeida-e-no-silencio-que-percebes-quem-nunca-te-viu-de-verdade\/20250924\/68d4393cd34ee0c2fed07fd3\" target=\"_blank\" rel=\"nofollow noopener\">Rita Almeida<\/a>, ex-participante da anterior edi\u00e7\u00e3o do reality show da <a href=\"https:\/\/tvi.iol.pt\/\" target=\"_blank\" rel=\"nofollow noopener\">TVI<\/a>. &#8220;Confesso que queria muito que este segredo fosse revelado. Foi e vai ser sempre errado o que ela fez. Nada vai apagar as suas atitudes. Mas eu vejo isto de outra forma. A Liliana n\u00e3o merecia o Z\u00e9 (aparentemente, do que sabemos) e, embora seja da pior maneira, a vida colocou as pessoas onde elas t\u00eam de estar neste momento, separadas&#8221;, defendeu a antiga moradora da casa mais vigiada do Pa\u00eds, no Instagram.<\/p>\n<p>&#8220;N\u00e3o adianta fazermos coment\u00e1rios excessivos sobre a Liliana, quando ela \u00e9 a \u00fanica pessoa que vai pagar pelas suas atitudes. Com isto tudo, n\u00e3o vai vencer este programa e corre o risco de ter trocado um amor por uma atra\u00e7\u00e3o, car\u00eancia, qu\u00edmica&#8221;, vaticinou Rita Almeida, falando, depois, da respetiva experi\u00eancia: &#8220;Hoje em dia, \u00e9 f\u00e1cil criticas rela\u00e7\u00f5es que come\u00e7am num reality show e est\u00e1 tudo certo, porque podem existir pessoas capazes disso, no entanto, tamb\u00e9m existe o verdadeiro, o sentido, o inesperado. Eu n\u00e3o sofri com coment\u00e1rios, porque estava l\u00e1 dentro, mas a minha fam\u00edlia, sim. Quando ouviram, por exemplo, &#8216;ela, por jogo, \u00e9 capaz de se envolver sexualmente com algu\u00e9m&#8217;.&#8221;<\/p>\n<p>Numa rela\u00e7\u00e3o com <a href=\"https:\/\/selfie.iol.pt\/famosos\/casa-dos-segredos\/foi-dia-de-casamento-para-rita-almeida-e-marcelo-palma\/20250917\/68ca6b32d34e58bc6795d241\" target=\"_blank\" rel=\"nofollow noopener\">Marcelo Palma<\/a>, por quem se apaixonou em &#8220;Secret Story &#8211; Casa dos Segredos&#8221;, a empres\u00e1ria acabou por fazer uma revela\u00e7\u00e3o a prop\u00f3sito do que acabara de escrever: &#8220;Nunca contei aqui, mas a minha m\u00e3e chegou a ir para o hospital. Eu sabia muito bem o que sentia, por isso, sempre respeitei qualquer opini\u00e3o. Obviamente que a propor\u00e7\u00e3o de coment\u00e1rios excessivos sobre a Liliana ultrapassa qualquer reality que j\u00e1 existiu at\u00e9 hoje, mas tamb\u00e9m foi ela que se colocou nessa posi\u00e7\u00e3o e ser\u00e1 ela a ter as suas consequ\u00eancias.&#8221;<\/p>\n<p>&#8220;Agora que foi revelado, espero que ela desperte para o jogo e que ganhe for\u00e7a emocional para o que vai ouvir ainda l\u00e1 dentro e c\u00e1 fora. Quanto ao Z\u00e9, espero que acalmes o cora\u00e7\u00e3o e que, um dia, encontres algu\u00e9m que te mere\u00e7a&#8221;, desejou, por fim, Rita Almeida.<\/p>\n<p>Veja, agora, nas galerias que prepar\u00e1mos para si, as melhores imagens de Rita Almeida.<\/p>\n<p style=\"text-align:center\"><img loading=\"lazy\" decoding=\"async\" alt=\"\" height=\"889\" src=\"https:\/\/www.europesays.com\/pt\/wp-content\/uploads\/2025\/10\/68e7fd57d34ee0c2fed1155c.webp\" width=\"500\"\/><\/p>\n<p>\u00a0<\/p>\n","protected":false},"excerpt":{"rendered":"O segredo de Liliana Oliveira foi descoberto por Raquel Galv\u00e3o Dem\u00e9trio, esta quarta-feira, dia 8, numa emiss\u00e3o especial&hellip;\n","protected":false},"author":2,"featured_media":104800,"comment_status":"","ping_status":"","sticky":false,"template":"","format":"standard","meta":{"footnotes":""},"categories":[142],"tags":[2632,7869,13471,6338,328,114,115,6309,19082,24884,980,1015,24885,19016,24883,8204,8366,619,32,33,5936,25232,1014,12639,1315,6985,7868,16687,7867,16686,1012,6986,7870,16688,151,162,975],"class_list":{"0":"post-104799","1":"post","2":"type-post","3":"status-publish","4":"format-standard","5":"has-post-thumbnail","7":"category-tv","8":"tag-casa-dos-segredos","9":"tag-casa-dos-segredos-8","10":"tag-casa-dos-segredos-9","11":"tag-concorrente","12":"tag-concorrentes","13":"tag-entertainment","14":"tag-entretenimento","15":"tag-ex-concorrente","16":"tag-fabio","17":"tag-fabio-pereira","18":"tag-famosos","19":"tag-instagram","20":"tag-jose-andrade","21":"tag-liliana","22":"tag-liliana-oliveira","23":"tag-mae","24":"tag-marcelo-palma","25":"tag-nacional","26":"tag-portugal","27":"tag-pt","28":"tag-raquel","29":"tag-raquel-galvao-demetrio","30":"tag-reality-show","31":"tag-rita-almeida","32":"tag-secret-story","33":"tag-secret-story-casa-dos-segredos","34":"tag-secret-story-casa-dos-segredos-8","35":"tag-secret-story-casa-dos-segredos-9","36":"tag-secret-story-8","37":"tag-secret-story-9","38":"tag-selfie","39":"tag-ss","40":"tag-ss8","41":"tag-ss9","42":"tag-tv","43":"tag-tvi","44":"tag-ze"},"share_on_mastodon":{"url":"","error":""},"_links":{"self":[{"href":"https:\/\/www.europesays.com\/pt\/wp-json\/wp\/v2\/posts\/104799","targetHints":{"allow":["GET"]}}],"collection":[{"href":"https:\/\/www.europesays.com\/pt\/wp-json\/wp\/v2\/posts"}],"about":[{"href":"https:\/\/www.europesays.com\/pt\/wp-json\/wp\/v2\/types\/post"}],"author":[{"embeddable":true,"href":"https:\/\/www.europesays.com\/pt\/wp-json\/wp\/v2\/users\/2"}],"replies":[{"embeddable":true,"href":"https:\/\/www.europesays.com\/pt\/wp-json\/wp\/v2\/comments?post=104799"}],"version-history":[{"count":0,"href":"https:\/\/www.europesays.com\/pt\/wp-json\/wp\/v2\/posts\/104799\/revisions"}],"wp:featuredmedia":[{"embeddable":true,"href":"https:\/\/www.europesays.com\/pt\/wp-json\/wp\/v2\/media\/104800"}],"wp:attachment":[{"href":"https:\/\/www.europesays.com\/pt\/wp-json\/wp\/v2\/media?parent=104799"}],"wp:term":[{"taxonomy":"category","embeddable":true,"href":"https:\/\/www.europesays.com\/pt\/wp-json\/wp\/v2\/categories?post=104799"},{"taxonomy":"post_tag","embeddable":true,"href":"https:\/\/www.europesays.com\/pt\/wp-json\/wp\/v2\/tags?post=104799"}],"curies":[{"name":"wp","href":"https:\/\/api.w.org\/{rel}","templated":true}]}}