{"id":104806,"date":"2025-10-10T10:48:07","date_gmt":"2025-10-10T10:48:07","guid":{"rendered":"https:\/\/www.europesays.com\/pt\/104806\/"},"modified":"2025-10-10T10:48:07","modified_gmt":"2025-10-10T10:48:07","slug":"apos-pedido-de-trump-procuradora-geral-de-nova-iorque-e-acusada-de-fraude-eua","status":"publish","type":"post","link":"https:\/\/www.europesays.com\/pt\/104806\/","title":{"rendered":"Ap\u00f3s pedido de Trump, procuradora-geral de Nova Iorque \u00e9 acusada de fraude | EUA"},"content":{"rendered":"<p>Letitia James, a procuradora-geral de Nova Iorque, foi nesta quinta-feira, 9 de Outubro, formalmente acusada de fraude banc\u00e1ria e declara\u00e7\u00f5es falsas, semanas depois de o Presidente norte-americano, <a href=\"http:\/\/www.publico.pt\/donald-trump\" rel=\"nofollow noopener\" target=\"_blank\">Donald Trump<\/a>, ter exigido \u00e0 procuradora-geral dos Estados Unidos, Pam Bondi, que tanto a magistrada como o antigo director do FBI, <a href=\"https:\/\/www.publico.pt\/2025\/09\/26\/mundo\/noticia\/antigo-director-fbi-indiciado-pressao-trump-2148608\" rel=\"nofollow noopener\" target=\"_blank\">James Comey<\/a>, fossem levados \u00e0 justi\u00e7a.<\/p>\n<p>James, a procuradora, \u00e9 acusada de ter falsamente declarado uma segunda habita\u00e7\u00e3o como resid\u00eancia prim\u00e1ria, beneficiando de condi\u00e7\u00f5es especiais no cr\u00e9dito \u00e0 habita\u00e7\u00e3o reservadas a resid\u00eancia pr\u00f3pria e permanente, que lhe ter\u00e3o valido uma poupan\u00e7a de 19 mil d\u00f3lares.<\/p>\n<p>A procuradora nova-iorquina, respons\u00e1vel pelo processo judicial que terminou em 2024 na <a href=\"https:\/\/www.publico.pt\/2024\/02\/16\/mundo\/noticia\/tribunal-nova-iorque-obriga-trump-pagar-329-milhoes-euros-fraude-2080638\" rel=\"nofollow noopener\" target=\"_blank\">condena\u00e7\u00e3o, por fraude, de Trump e dos seus filhos<\/a> e empresas do ramo imobili\u00e1rio, reagiu entretanto nas redes sociais e declarou que a acusa\u00e7\u00e3o que enfrenta \u00e9 \u201cnada mais do que a continua\u00e7\u00e3o da instrumentaliza\u00e7\u00e3o desesperada do sistema de justi\u00e7a pelo Presidente\u201d.<\/p>\n<p>\u201cEstas acusa\u00e7\u00f5es n\u00e3o t\u00eam fundamento, e as pr\u00f3prias declara\u00e7\u00f5es p\u00fablicas do Presidente tornam claro que o seu \u00fanico objectivo \u00e9 a vingan\u00e7a pol\u00edtica a qualquer custo. As ac\u00e7\u00f5es do Presidente s\u00e3o uma viola\u00e7\u00e3o grave da nossa ordem constitucional e suscitaram duras cr\u00edticas de membros de ambos os partidos\u201d, acrescenta James.<\/p>\n<p>No processo de 2023, a fam\u00edlia Trump e as suas empresas foram declaradas culpadas de mentir sobre o valor do seu patrim\u00f3nio, inflacionando-o para obter empr\u00e9stimos vantajosos junto de bancos e ocultando-o para pagar menos impostos, lesando o Estado e as institui\u00e7\u00f5es financeiras em centenas de milh\u00f5es de euros. Os arguidos foram temporariamente proibidos de exercer qualquer actividade comercial em Nova Iorque. Em 2024, durante a campanha presidencial, Trump tinha j\u00e1 declarado que James \u201cdevia ser presa e punida\u201d.<\/p>\n<p>Persegui\u00e7\u00e3o a advers\u00e1rios<\/p>\n<p>A acusa\u00e7\u00e3o agora movida contra James \u00e9 semelhante \u00e0 que enfrenta <a href=\"https:\/\/www.publico.pt\/2025\/10\/01\/economia\/noticia\/supremo-adia-decisao-despedimento-fed-janeiro-2149278\" rel=\"nofollow noopener\" target=\"_blank\">Lisa Cook<\/a>, governadora da Reserva Federal e outro alvo da ira de Trump, que pretende alterar a composi\u00e7\u00e3o do regulador banc\u00e1rio e financeiro norte-americano.<\/p>\n<p>Ambos os casos partiram de averigua\u00e7\u00f5es conduzidas por uma ag\u00eancia federal de regula\u00e7\u00e3o do cr\u00e9dito \u00e0 habita\u00e7\u00e3o, actualmente liderada por Bill Pulte, um aliado de Trump que tem recorrido \u00e0s redes sociais para dirigir acusa\u00e7\u00f5es contra advers\u00e1rios do Presidente, e foram investigados pelo procurador Ed Martin, outra figura pr\u00f3xima de Trump que, no in\u00edcio do ano, ficou conhecido por amea\u00e7ar processar cr\u00edticos do republicano e de <a href=\"http:\/\/www.publico.pt\/elon-musk\" rel=\"nofollow noopener\" target=\"_blank\">Elon Musk<\/a> nas redes sociais, incluindo pol\u00edticos democratas. \u00c9 contudo a procuradora Lindsey Halligan, ex-advogada de Trump de 36 anos, a assinar a acusa\u00e7\u00e3o contra James.<\/p>\n<p>James e Cook fazem parte de uma lista de indiv\u00edduos tidos como cr\u00edticos de Trump, ou que no passado protagonizaram pol\u00e9micas e processos contra o republicano, e que agora enfrentam acusa\u00e7\u00f5es criminais movidas a pedido do Presidente. Nesta semana foram tamb\u00e9m formalizadas acusa\u00e7\u00f5es por perj\u00fario e obstru\u00e7\u00e3o ao Congresso contra Comey, o antigo director do FBI que em 2017 abriu uma investiga\u00e7\u00e3o \u00e0s suspeitas de conluio entre o regime russo e a campanha eleitoral de Trump. Comey acabou por ser demitido nesse ano por Trump, por ter recusado arquivar o inqu\u00e9rito e por ter negado um pedido de juramento de fidelidade pessoal ao Presidente.<\/p>\n<p><a href=\"https:\/\/www.publico.pt\/2025\/08\/22\/mundo\/noticia\/fbi-conduz-buscas-casa-john-bolton-antigo-conselheiro-trump-tornado-critico-2144691\" rel=\"nofollow noopener\" target=\"_blank\">John Bolton<\/a>, antigo embaixador e ex-conselheiro de seguran\u00e7a nacional de Trump, entretanto tornado seu cr\u00edtico, \u00e9 tamb\u00e9m por estes dias alvo de investiga\u00e7\u00f5es \u00e0 suspeita de posse e divulga\u00e7\u00e3o indevidas de documentos confidenciais. Outros alvos na mira do Departamento de Justi\u00e7a s\u00e3o o senador democrata californiano Adam Schiff, o ex-director da CIA John Brennan e a procuradora distrital da Georgia Fani Willis, respons\u00e1vel pelo processo, entretanto arquivado, em que Trump foi acusado de tentar manipular resultados eleitorais.<\/p>\n<p>Na quarta-feira, Trump sugeriu ainda a deten\u00e7\u00e3o do governador do Illinois, J.B. Pritzker, e do mayor de Chicago, Brandon Johnson, pela oposi\u00e7\u00e3o destes a uma interven\u00e7\u00e3o militar na cidade. \u00c9 contudo a acusa\u00e7\u00e3o contra Letitia James que se destaca de momento, pelo facto de ser a primeira desta vaga a ser formalizada contra uma alta respons\u00e1vel judicial em fun\u00e7\u00f5es.<\/p>\n<p>\u201c\u00c9 este o aspecto da tirania\u201d, declarou em comunicado, citado pelo New York Times, o senador democrata de Nova Iorque, e l\u00edder da minoria democrata no Senado, Chuck Schumer. \u201cO Presidente Trump est\u00e1 a utilizar o Departamento de Justi\u00e7a como o seu c\u00e3o de ataque pessoal\u201d, acrescentou, em reac\u00e7\u00e3o \u00e0 acusa\u00e7\u00e3o contra a procuradora-geral do seu estado.<\/p>\n","protected":false},"excerpt":{"rendered":"Letitia James, a procuradora-geral de Nova Iorque, foi nesta quinta-feira, 9 de Outubro, formalmente acusada de fraude banc\u00e1ria&hellip;\n","protected":false},"author":2,"featured_media":104807,"comment_status":"","ping_status":"","sticky":false,"template":"","format":"standard","meta":{"footnotes":""},"categories":[50],"tags":[7809,27,28,92,235,413,15,16,14,25,26,21,22,62,12,13,19,20,1035,23,24,17,18,29,30,31,63,64,65],"class_list":{"0":"post-104806","1":"post","2":"type-post","3":"status-publish","4":"format-standard","5":"has-post-thumbnail","7":"category-mundo","8":"tag-america-do-norte","9":"tag-breaking-news","10":"tag-breakingnews","11":"tag-donald-trump","12":"tag-estados-unidos","13":"tag-eua","14":"tag-featured-news","15":"tag-featurednews","16":"tag-headlines","17":"tag-latest-news","18":"tag-latestnews","19":"tag-main-news","20":"tag-mainnews","21":"tag-mundo","22":"tag-news","23":"tag-noticias","24":"tag-noticias-principais","25":"tag-noticiasprincipais","26":"tag-nova-iorque","27":"tag-principais-noticias","28":"tag-principaisnoticias","29":"tag-top-stories","30":"tag-topstories","31":"tag-ultimas","32":"tag-ultimas-noticias","33":"tag-ultimasnoticias","34":"tag-world","35":"tag-world-news","36":"tag-worldnews"},"share_on_mastodon":{"url":"","error":""},"_links":{"self":[{"href":"https:\/\/www.europesays.com\/pt\/wp-json\/wp\/v2\/posts\/104806","targetHints":{"allow":["GET"]}}],"collection":[{"href":"https:\/\/www.europesays.com\/pt\/wp-json\/wp\/v2\/posts"}],"about":[{"href":"https:\/\/www.europesays.com\/pt\/wp-json\/wp\/v2\/types\/post"}],"author":[{"embeddable":true,"href":"https:\/\/www.europesays.com\/pt\/wp-json\/wp\/v2\/users\/2"}],"replies":[{"embeddable":true,"href":"https:\/\/www.europesays.com\/pt\/wp-json\/wp\/v2\/comments?post=104806"}],"version-history":[{"count":0,"href":"https:\/\/www.europesays.com\/pt\/wp-json\/wp\/v2\/posts\/104806\/revisions"}],"wp:featuredmedia":[{"embeddable":true,"href":"https:\/\/www.europesays.com\/pt\/wp-json\/wp\/v2\/media\/104807"}],"wp:attachment":[{"href":"https:\/\/www.europesays.com\/pt\/wp-json\/wp\/v2\/media?parent=104806"}],"wp:term":[{"taxonomy":"category","embeddable":true,"href":"https:\/\/www.europesays.com\/pt\/wp-json\/wp\/v2\/categories?post=104806"},{"taxonomy":"post_tag","embeddable":true,"href":"https:\/\/www.europesays.com\/pt\/wp-json\/wp\/v2\/tags?post=104806"}],"curies":[{"name":"wp","href":"https:\/\/api.w.org\/{rel}","templated":true}]}}