{"id":104826,"date":"2025-10-10T11:09:25","date_gmt":"2025-10-10T11:09:25","guid":{"rendered":"https:\/\/www.europesays.com\/pt\/104826\/"},"modified":"2025-10-10T11:09:25","modified_gmt":"2025-10-10T11:09:25","slug":"a-protegida-gina-nao-perdoa-a-traicao-de-nuno-tvi-player","status":"publish","type":"post","link":"https:\/\/www.europesays.com\/pt\/104826\/","title":{"rendered":"A Protegida: Gina n\u00e3o perdoa a trai\u00e7\u00e3o de Nuno &#8211; TVI Player"},"content":{"rendered":"<ol>\n<li><a href=\"https:\/\/news.google.com\/rss\/articles\/CBMijwFBVV95cUxQSEpjdk1HSHZaU3Ftd1lYUzhxOUFoRjBJYmY4aF9TSU1BbVlQOVVEZEFfbmdhb3JKU0tSXzRsTFl6eW9qRnZUNTVfaEZfYk1CdlZybjc0RUtEM1R1akw5Y1FXV0I3aV9nOWtpajNFUjlpX1BnUTlGNmVJNF9mWEs4MXRpVEJja3NjN09vZjdHQQ?oc=5\" target=\"_blank\" rel=\"nofollow noopener\">A Protegida: Gina n\u00e3o perdoa a trai\u00e7\u00e3o de Nuno<\/a>&nbsp;&nbsp;TVI Player<\/li>\n<li><a href=\"https:\/\/news.google.com\/rss\/articles\/CBMijwFBVV95cUxNQUxxSWxqdGItSDBpQnhxa2kzM2NFa0FqZHVkYkRQQkZGQmlVMnVXSXZqdXd5ZzdmQnNuWlZSTk44b0RVMkpTbnVJVFdxYnZNNHI2cW5hSFYteE00WXM3dVRHSzBndnRZcDk1WV9ocjFROUQ2Yk11NTRBSTVQR0laOGNOQ21aVnUzamlVZlAzOA?oc=5\" target=\"_blank\" rel=\"nofollow noopener\">A Protegida: Hector apanha Anita a conspirar com JD<\/a>&nbsp;&nbsp;TVI Player<\/li>\n<li><a href=\"https:\/\/news.google.com\/rss\/articles\/CBMijwFBVV95cUxNQkJSWGs1TXp0NUFpSThmbDRaRnVEZXhDUXFzYVdsVjV5ajdReERxYnJ4LWZ4aTU1aV9CT2d0dG10Ty1jMTBqQTBzUDdwR0pXRTNCT0lzYjFhVVVOSG1tZHhOcHRFNTZlTHlxME00X2NMUEdFM29hbGdoamp0U0dWWU4xUldib3g1bjRUT3N1WQ?oc=5\" target=\"_blank\" rel=\"nofollow noopener\">A Protegida: Carlota \u00e9 encontrada com um bilhete aterrorizante<\/a>&nbsp;&nbsp;TVI Player<\/li>\n<li><a href=\"https:\/\/news.google.com\/rss\/articles\/CBMisgFBVV95cUxPU2tWbjBzb3dmU0pCcnV3aDBZODk3ZmhwYjlGZmdpWUs0VThkei1meVM0N1FKcVpUUllEUlMxWTNrZlNYWFhFa3M2a1NTQi1HZEQxTTN3Yi14RzJ4NmFadjJKdTBoSkM3MzhydHdEb3o2YVpXU1k4MXc5SWJQLUF5U1Zia3ZpUXh3TUlTVnd5RUd0YnhaV1ZKNWI0QkZBaXY5UGRhNFEzSFhZRExlVGlYRU93?oc=5\" target=\"_blank\" rel=\"nofollow noopener\">A Protegida: In\u00e9dito! Mariana e M\u00f3nica entram em acordo<\/a>&nbsp;&nbsp;TVI<\/li>\n<li><a href=\"https:\/\/news.google.com\/rss\/articles\/CBMivgFBVV95cUxQd2I2dExrM3MxMHRINmJsR1E1M2pBM0YyRGVNNE9iMExodkllNjYwMnpkOF8xdU81RmZfaWtMNEZwX3NFYk1ZR2FXa1o3NDcxU1R2dnRpd1A0elpuUFZ4akx2bkl6TE9MbEJWVWRPX08yeUxnc0lQZDB1R2xHNmowS1h0Z3VpZnJwaEZLTUZrbW9GTG0wazUtTUdld0dCR1g5YWZTUlNteVhib2dKVEZIa3JpYWtNY200amZySk1B?oc=5\" target=\"_blank\" rel=\"nofollow noopener\">A Protegida: JD deixa-se ir e chama um nome carinhoso a Mariana<\/a>&nbsp;&nbsp;TVI<\/li>\n<\/ol>\n","protected":false},"excerpt":{"rendered":"A Protegida: Gina n\u00e3o perdoa a trai\u00e7\u00e3o de Nuno&nbsp;&nbsp;TVI Player A Protegida: Hector apanha Anita a conspirar com&hellip;\n","protected":false},"author":2,"featured_media":104827,"comment_status":"","ping_status":"","sticky":false,"template":"","format":"standard","meta":{"footnotes":""},"categories":[142],"tags":[168,114,115,2931,32,33,151,162],"class_list":{"0":"post-104826","1":"post","2":"type-post","3":"status-publish","4":"format-standard","5":"has-post-thumbnail","7":"category-tv","8":"tag-a-protegida","9":"tag-entertainment","10":"tag-entretenimento","11":"tag-novela","12":"tag-portugal","13":"tag-pt","14":"tag-tv","15":"tag-tvi"},"share_on_mastodon":{"url":"","error":""},"_links":{"self":[{"href":"https:\/\/www.europesays.com\/pt\/wp-json\/wp\/v2\/posts\/104826","targetHints":{"allow":["GET"]}}],"collection":[{"href":"https:\/\/www.europesays.com\/pt\/wp-json\/wp\/v2\/posts"}],"about":[{"href":"https:\/\/www.europesays.com\/pt\/wp-json\/wp\/v2\/types\/post"}],"author":[{"embeddable":true,"href":"https:\/\/www.europesays.com\/pt\/wp-json\/wp\/v2\/users\/2"}],"replies":[{"embeddable":true,"href":"https:\/\/www.europesays.com\/pt\/wp-json\/wp\/v2\/comments?post=104826"}],"version-history":[{"count":0,"href":"https:\/\/www.europesays.com\/pt\/wp-json\/wp\/v2\/posts\/104826\/revisions"}],"wp:featuredmedia":[{"embeddable":true,"href":"https:\/\/www.europesays.com\/pt\/wp-json\/wp\/v2\/media\/104827"}],"wp:attachment":[{"href":"https:\/\/www.europesays.com\/pt\/wp-json\/wp\/v2\/media?parent=104826"}],"wp:term":[{"taxonomy":"category","embeddable":true,"href":"https:\/\/www.europesays.com\/pt\/wp-json\/wp\/v2\/categories?post=104826"},{"taxonomy":"post_tag","embeddable":true,"href":"https:\/\/www.europesays.com\/pt\/wp-json\/wp\/v2\/tags?post=104826"}],"curies":[{"name":"wp","href":"https:\/\/api.w.org\/{rel}","templated":true}]}}