{"id":104840,"date":"2025-10-10T11:19:15","date_gmt":"2025-10-10T11:19:15","guid":{"rendered":"https:\/\/www.europesays.com\/pt\/104840\/"},"modified":"2025-10-10T11:19:15","modified_gmt":"2025-10-10T11:19:15","slug":"orcamento-com-aprovacao-a-vista-pelo-ps-chega-pode-nao-ser-preciso","status":"publish","type":"post","link":"https:\/\/www.europesays.com\/pt\/104840\/","title":{"rendered":"Or\u00e7amento com aprova\u00e7\u00e3o \u00e0 vista pelo PS; Chega pode n\u00e3o ser preciso"},"content":{"rendered":"<p>Ao segundo Or\u00e7amento do Estado (OE) do segundo Governo de Montenegro, a hist\u00f3ria parece estar contada: a viabiliza\u00e7\u00e3o da proposta por parte do PS est\u00e1 mais pr\u00f3xima. E o Executivo pode nem vir a precisar do voto do Chega, mesmo que tenha ido ao encontro das exig\u00eancias tanto dos socialistas como de Andr\u00e9 Ventura.<\/p>\n<p><a href=\"https:\/\/expresso.pt\/subscrever?action=GEN&amp;channel=VID&amp;type=CAP&amp;source=WEB&amp;returnUrl=https:\/\/expresso.pt\/orcamento-do-estado\/orcamento-do-estado-2026\/2025-10-09-orcamento-com-aprovacao-a-vista-pelo-ps-chega-pode-nao-ser-preciso-c4b6112c&amp;utm_source=expresso&amp;utm_medium=locked_article&amp;locked=true&amp;article_id=5a58d617-c1ea-46ed-887e-9c1301d5a001&amp;author_id=Rita+Dinis,H\u00e9lio+Carvalho,Jo\u00e3o+Pedro+Henriques&amp;category=Or\u00e7amento+do+Estado+2026\" target=\"_self\" class=\"\" rel=\"nofollow noopener\">Subscrever<\/a>J\u00e1 \u00e9 Subscritor?Fa\u00e7a login e continue a ler<a href=\"http:\/\/expresso.pt\/codigo?redirectUrl=https:\/\/expresso.pt\/orcamento-do-estado\/orcamento-do-estado-2026\/2025-10-09-orcamento-com-aprovacao-a-vista-pelo-ps-chega-pode-nao-ser-preciso-c4b6112c\" target=\"_self\" class=\"\" rel=\"nofollow noopener\">Inserir C\u00f3digo<\/a>Comprou o Expresso?Insira o c\u00f3digo presente na Revista E para continuar a ler<\/p>\n","protected":false},"excerpt":{"rendered":"Ao segundo Or\u00e7amento do Estado (OE) do segundo Governo de Montenegro, a hist\u00f3ria parece estar contada: a viabiliza\u00e7\u00e3o&hellip;\n","protected":false},"author":2,"featured_media":104841,"comment_status":"","ping_status":"","sticky":false,"template":"","format":"standard","meta":{"footnotes":""},"categories":[8],"tags":[27,28,15,16,14,25,26,21,22,12,13,19,20,32,23,24,33,17,18,29,30,31],"class_list":{"0":"post-104840","1":"post","2":"type-post","3":"status-publish","4":"format-standard","5":"has-post-thumbnail","7":"category-principais-noticias","8":"tag-breaking-news","9":"tag-breakingnews","10":"tag-featured-news","11":"tag-featurednews","12":"tag-headlines","13":"tag-latest-news","14":"tag-latestnews","15":"tag-main-news","16":"tag-mainnews","17":"tag-news","18":"tag-noticias","19":"tag-noticias-principais","20":"tag-noticiasprincipais","21":"tag-portugal","22":"tag-principais-noticias","23":"tag-principaisnoticias","24":"tag-pt","25":"tag-top-stories","26":"tag-topstories","27":"tag-ultimas","28":"tag-ultimas-noticias","29":"tag-ultimasnoticias"},"share_on_mastodon":{"url":"","error":""},"_links":{"self":[{"href":"https:\/\/www.europesays.com\/pt\/wp-json\/wp\/v2\/posts\/104840","targetHints":{"allow":["GET"]}}],"collection":[{"href":"https:\/\/www.europesays.com\/pt\/wp-json\/wp\/v2\/posts"}],"about":[{"href":"https:\/\/www.europesays.com\/pt\/wp-json\/wp\/v2\/types\/post"}],"author":[{"embeddable":true,"href":"https:\/\/www.europesays.com\/pt\/wp-json\/wp\/v2\/users\/2"}],"replies":[{"embeddable":true,"href":"https:\/\/www.europesays.com\/pt\/wp-json\/wp\/v2\/comments?post=104840"}],"version-history":[{"count":0,"href":"https:\/\/www.europesays.com\/pt\/wp-json\/wp\/v2\/posts\/104840\/revisions"}],"wp:featuredmedia":[{"embeddable":true,"href":"https:\/\/www.europesays.com\/pt\/wp-json\/wp\/v2\/media\/104841"}],"wp:attachment":[{"href":"https:\/\/www.europesays.com\/pt\/wp-json\/wp\/v2\/media?parent=104840"}],"wp:term":[{"taxonomy":"category","embeddable":true,"href":"https:\/\/www.europesays.com\/pt\/wp-json\/wp\/v2\/categories?post=104840"},{"taxonomy":"post_tag","embeddable":true,"href":"https:\/\/www.europesays.com\/pt\/wp-json\/wp\/v2\/tags?post=104840"}],"curies":[{"name":"wp","href":"https:\/\/api.w.org\/{rel}","templated":true}]}}