{"id":104864,"date":"2025-10-10T11:37:18","date_gmt":"2025-10-10T11:37:18","guid":{"rendered":"https:\/\/www.europesays.com\/pt\/104864\/"},"modified":"2025-10-10T11:37:18","modified_gmt":"2025-10-10T11:37:18","slug":"de-benedita-pereira-a-bruno-cabrerizo-os-looks-na-estreia-da-nova-novela-da-tvi","status":"publish","type":"post","link":"https:\/\/www.europesays.com\/pt\/104864\/","title":{"rendered":"De Benedita Pereira a Bruno Cabrerizo: os looks na estreia da nova novela da TVI"},"content":{"rendered":"<p>A TVI reuniu v\u00e1rias caras conhecidas num evento especial para celebrar a chegada da sua nova novela, Terra Forte, uma hist\u00f3ria que promete prender os telespectadores ao ecr\u00e3.<\/p>\n<p>Gravada entre o Brasil e os A\u00e7ores, a produ\u00e7\u00e3o \u00e9 protagonizada por Benedita Pereira, Jo\u00e3o Catarr\u00e9, <a href=\"https:\/\/versa.iol.pt\/rita-pereira\/farm-rio\/por-culpa-de-rita-pereira-queremos-usar-mais-conjuntos-da-zara-a-lefties\/20250803\/688cc5d7d34ef72ee448ffff\" rel=\"nofollow noopener\" target=\"_blank\">Rita Pereira<\/a> e <a href=\"https:\/\/versa.iol.pt\/moda\/jose-fidalgo\/a-mota-o-vinho-no-chateau-marmont-e-a-torrada-na-caparica\/20240623\/6675ac01d34e04989222394f\" rel=\"nofollow noopener\" target=\"_blank\">Jos\u00e9 Fidalgo<\/a>, e tem assinatura de Maria Jo\u00e3o Costa, autora de sucessos como Ouro Verde e Cacau.<\/p>\n<p>Apesar de a curiosidade em torno da nova trama ser grande, houve tamb\u00e9m quem n\u00e3o tirasse os olhos dos looks escolhidos para a ocasi\u00e3o. Entre os protagonistas e convidados, destacou-se Benedita Pereira, que surgiu com um elegante conjunto de fato em rosa pastel, um tom suave mas com for\u00e7a para se fazer notar. O <a href=\"https:\/\/versa.iol.pt\/tenis\/corrida\/adeus-adidas-estes-tenis-prometem-ser-os-mais-confortaveis-e-tendencia-do-mercado\/20250616\/68502c6cd34e3f0bae9f6e24\" rel=\"nofollow noopener\" target=\"_blank\">rosa pastel foi uma das principais tend\u00eancias do ver\u00e3o<\/a> e, ao que tudo indica, Benedita veio provar que continua firme nesta nova esta\u00e7\u00e3o.<\/p>\n<p>Outra tend\u00eancia que temos visto muito este outono (e tamb\u00e9m nas <a href=\"https:\/\/versa.iol.pt\/tendencias\/moda\/semana-da-moda-de-copenhaga-as-quatro-tendencias-que-queremos-mesmo-seguir\/20250818\/68a31705d34ef72ee4498a44\" rel=\"nofollow noopener\" target=\"_blank\">Semanas de Moda<\/a>) \u00e9 o azul. Esta <a href=\"https:\/\/versa.iol.pt\/ana-guiomar\/azul\/ana-guiomar-antecipa-tendencia-com-camisa-que-nos-leva-a-zara-e-nao-so\/20250920\/68cd6e9ad34e58bc6795f218\" rel=\"nofollow noopener\" target=\"_blank\">cor tem sido uma das mais fortes da esta\u00e7\u00e3o<\/a> e foi tamb\u00e9m uma das escolhas de v\u00e1rias caras presentes no evento de lan\u00e7amento. Foi o caso de In\u00eas Faria, que optou por um conjunto azul claro, elegante e luminoso, que se destacou entre os tons neutros e provou como o azul vai mesmo ser a estrela da temporada.<\/p>\n<p>Mas n\u00e3o foi a \u00fanica tend\u00eancia a marcar presen\u00e7a. Os <a href=\"https:\/\/versa.iol.pt\/diana-chaves\/mango\/diana-chaves-elege-conjunto-da-mango-que-ja-e-tendencia-para-este-outono\/20251001\/68dd4697d34e58bc67966940\" rel=\"nofollow noopener\" target=\"_blank\">fatos com riscas foram uma das grandes apostas<\/a> da noite, uma tend\u00eancia que v\u00e1rios atores seguiram e que tem dominado este outono. Bruno Cabrerizo optou por um fato com riscas finas verticais, enquanto Jo\u00e3o Catarr\u00e9 escolheu um cardigan com riscas coloridas, que refor\u00e7a a ideia de que este \u00e9 um <a href=\"https:\/\/versa.iol.pt\/coolhunting\/laranja\/cor-inesperada-torna-se-estrela-em-dias-frios-mais-de-50-pecas-tendencia-temos\/20250913\/68c17758d34ee0c2fecfe7eb\" rel=\"nofollow noopener\" target=\"_blank\">outono mais colorido e maximalista do que nunca<\/a>.<\/p>\n<p>Confere os looks na galeria de imagens e vai-te preparando para conhecer estas novas personagens.<\/p>\n","protected":false},"excerpt":{"rendered":"A TVI reuniu v\u00e1rias caras conhecidas num evento especial para celebrar a chegada da sua nova novela, Terra&hellip;\n","protected":false},"author":2,"featured_media":104865,"comment_status":"","ping_status":"","sticky":false,"template":"","format":"standard","meta":{"footnotes":""},"categories":[142],"tags":[1081,204,114,115,754,186,1079,2931,32,33,18614,151,162,1078,1080],"class_list":{"0":"post-104864","1":"post","2":"type-post","3":"status-publish","4":"format-standard","5":"has-post-thumbnail","7":"category-tv","8":"tag-beleza","9":"tag-design","10":"tag-entertainment","11":"tag-entretenimento","12":"tag-gastronomia","13":"tag-lifestyle","14":"tag-moda","15":"tag-novela","16":"tag-portugal","17":"tag-pt","18":"tag-terra-forte","19":"tag-tv","20":"tag-tvi","21":"tag-versa","22":"tag-viagens"},"share_on_mastodon":{"url":"","error":""},"_links":{"self":[{"href":"https:\/\/www.europesays.com\/pt\/wp-json\/wp\/v2\/posts\/104864","targetHints":{"allow":["GET"]}}],"collection":[{"href":"https:\/\/www.europesays.com\/pt\/wp-json\/wp\/v2\/posts"}],"about":[{"href":"https:\/\/www.europesays.com\/pt\/wp-json\/wp\/v2\/types\/post"}],"author":[{"embeddable":true,"href":"https:\/\/www.europesays.com\/pt\/wp-json\/wp\/v2\/users\/2"}],"replies":[{"embeddable":true,"href":"https:\/\/www.europesays.com\/pt\/wp-json\/wp\/v2\/comments?post=104864"}],"version-history":[{"count":0,"href":"https:\/\/www.europesays.com\/pt\/wp-json\/wp\/v2\/posts\/104864\/revisions"}],"wp:featuredmedia":[{"embeddable":true,"href":"https:\/\/www.europesays.com\/pt\/wp-json\/wp\/v2\/media\/104865"}],"wp:attachment":[{"href":"https:\/\/www.europesays.com\/pt\/wp-json\/wp\/v2\/media?parent=104864"}],"wp:term":[{"taxonomy":"category","embeddable":true,"href":"https:\/\/www.europesays.com\/pt\/wp-json\/wp\/v2\/categories?post=104864"},{"taxonomy":"post_tag","embeddable":true,"href":"https:\/\/www.europesays.com\/pt\/wp-json\/wp\/v2\/tags?post=104864"}],"curies":[{"name":"wp","href":"https:\/\/api.w.org\/{rel}","templated":true}]}}