{"id":104869,"date":"2025-10-10T11:42:22","date_gmt":"2025-10-10T11:42:22","guid":{"rendered":"https:\/\/www.europesays.com\/pt\/104869\/"},"modified":"2025-10-10T11:42:22","modified_gmt":"2025-10-10T11:42:22","slug":"william-segura-as-lagrimas-a-falar-de-suicidio-e-harry-alerta-para-os-perigos-da-ia-familia-real-britanica","status":"publish","type":"post","link":"https:\/\/www.europesays.com\/pt\/104869\/","title":{"rendered":"William segura as l\u00e1grimas a falar de suic\u00eddio e Harry alerta para os perigos da IA | Fam\u00edlia Real Brit\u00e2nica"},"content":{"rendered":"<p>O pr\u00edncipe William tentou conter as l\u00e1grimas ao discutir o impacto devastador do suic\u00eddio com uma mulher cujo marido tirou a pr\u00f3pria vida. O momento foi partilhado num v\u00eddeo divulgado pelo Pal\u00e1cio de Kensington nesta sexta-feira para assinalar o Dia Mundial da Sa\u00fade Mental. Do outro lado do Atl\u00e2ntico, Harry e Meghan tamb\u00e9m n\u00e3o deixaram passar a data em branco e alertaram para o perigo das redes sociais, que t\u00eam \u201clevado crian\u00e7as\u201d das suas fam\u00edlias todos os anos.<\/p>\n<p>No filme partilhado nesta sexta-feira pela Royal Foundation, o herdeiro do trono fala com Rhian Mannings, cujo marido, Paul, se suicidou cinco dias ap\u00f3s a morte s\u00fabita do filho do casal George, em 2012, na sua casa em Cardiff, no Pa\u00eds de Gales. Na conversa, o pr\u00edncipe de Gales e a mulher apelam \u00e0 necessidade de um melhor apoio \u00e0s fam\u00edlias afectadas pelo <a href=\"https:\/\/www.publico.pt\/2025\/10\/08\/sociedade\/noticia\/psicologa-alerta-aumento-autolesoes-jovens-2150063\" rel=\"nofollow noopener\" target=\"_blank\">suic\u00eddio<\/a>.<\/p>\n<p>O pr\u00edncipe pergunta como \u00e9 que Rhian conseguiu lidar com a perda do filho e do marido, enquanto continuava a ter de cuidar dos dois filhos mais velhos. \u201cOlho para tr\u00e1s e ainda n\u00e3o sei como \u00e9 que sobrevivemos\u201d, confessa. \u201cNunca tinha tido qualquer contacto com o tema do suic\u00eddio. Era algo que passava nas not\u00edcias. Ningu\u00e9m falava sobre isso.\u201d<\/p>\n<p>        &#13;<br \/>\n            &#13;<\/p>\n<p>William fica claramente emocionado depois de perguntar a Mannings, que fundou a institui\u00e7\u00e3o de solidariedade 2wish para ajudar os que sofreram a morte inesperada de uma crian\u00e7a (o seu filho tinha apenas 1 ano) ou de um jovem adulto, o que teria dito ao marido.<\/p>\n<p>\u201cGostaria de o sentar e dizer-lhe: \u2018Porque n\u00e3o vieste ter comigo?\u2019 E acho que isso \u00e9 o mais dif\u00edcil, n\u00f3s ter\u00edamos ficado bem\u201d, disse ao pr\u00edncipe, que tenta conter as l\u00e1grimas. \u201cEst\u00e1 bem?\u201d pergunta-lhe Mannings. \u201cLamento\u201d, responde William. \u201c\u00c9 que \u00e9 dif\u00edcil fazer estas perguntas\u2026\u201d<\/p>\n<p>Mas Rhian diz compreender a sensibilidade do pr\u00edncipe de Gales: \u201cN\u00e3o, est\u00e1 tudo bem. \u00c9 que tens filhos&#8230; \u00c9 dif\u00edcil&#8230; E j\u00e1 passou por uma perda.\u201d<\/p>\n<p>No ano passado, William esteve entre os presentes no funeral de Thomas Kingston, genro do pr\u00edncipe Michael de Kent, primo de Isabel II, que se suicidou na sequ\u00eancia de efeitos adversos do tratamento para a sa\u00fade mental.<\/p>\n<p>O lan\u00e7amento do v\u00eddeo coincide com a apresenta\u00e7\u00e3o da Rede Nacional de Preven\u00e7\u00e3o do Suic\u00eddio pela Royal Foundation, a organiza\u00e7\u00e3o de solidariedade de William e Kate, que se centrar\u00e1 na compreens\u00e3o das causas do suic\u00eddio e na presta\u00e7\u00e3o de apoio acess\u00edvel \u00e0s fam\u00edlias. Todos os anos, na Gr\u00e3-Bretanha, mais de sete mil mortes s\u00e3o por suic\u00eddio, avan\u00e7a a Reuters.<\/p>\n<p>                &#13;<br \/>\n                    &#13;<br \/>\n                    &#13;<br \/>\n                        Harry e Meghan nesta quinta-feira&#13;<br \/>\nEduardo Munoz\/Reuters                    &#13;<\/p>\n<p><strong>Harry e Meghan nos EUA<\/strong><\/p>\n<p>O tema \u00e9 comum \u00e0 agenda dos dois filhos de Carlos III e n\u00e3o \u00e9 de surpreender que tamb\u00e9m Harry tenha assinalado a efem\u00e9ride. Nesta quinta-feira, os duques de Sussex receberam o pr\u00e9mio de Humanit\u00e1rios do Ano na gala do projecto Healthy Minds, em Nova Iorque, e Harry apelou \u00e0 protec\u00e7\u00e3o dos mais novos face aos perigos das redes sociais e da intelig\u00eancia artificial, sobretudo por culpa dos algoritmos que acusou de serem \u201cpredadores de crian\u00e7as\u201d.<\/p>\n<p>\u201cQuando percebemos que milhares de fam\u00edlias de todos os cantos da sociedade est\u00e3o a enfrentar os mesmos desafios, muitas delas a perceber pela primeira vez que foram as redes sociais que levaram os seus filhos, soubemos que este movimento precisava de crescer\u201d, declarou o pr\u00edncipe, que se refere ao <a href=\"https:\/\/www.publico.pt\/2024\/08\/05\/impar\/noticia\/harry-meghan-lancam-projecto-ajudar-pais-navegar-perigos-internet-2099921\" rel=\"nofollow noopener\" target=\"_blank\">Parents Network<\/a>, um projecto da Funda\u00e7\u00e3o Archwell lan\u00e7ado no ano passado para dar forma\u00e7\u00e3o aos pais sobre o mundo digital e os seus perigos.<\/p>\n<p>        &#13;<\/p>\n<blockquote class=\"instagram-media\" data-instgrm-permalink=\"https:\/\/www.instagram.com\/reel\/DPnO0ITjmq6\/?utm_source=ig_embed&amp;utm_campaign=loading\" data-instgrm-version=\"14\" style=\" background:#FFF; border:0; border-radius:3px; box-shadow:0 0 1px 0 rgba(0,0,0,0.5),0 1px 10px 0 rgba(0,0,0,0.15); margin: 1px; max-width:540px; min-width:326px; padding:0; width:99.375%; width:-webkit-calc(100% - 2px); width:calc(100% - 2px);\"\/><p>&#13;<br \/>\n&#13;<\/p>\n<p>Mas tamb\u00e9m se destina a apoiar as fam\u00edlias na<a href=\"https:\/\/www.publico.pt\/2024\/10\/25\/impar\/noticia\/sewell-setzer-apaixonouse-ia-morreu-dez-meses-mae-pede-justica-2109406\" rel=\"nofollow noopener\" target=\"_blank\"> procura de justi\u00e7a<\/a> face a empresas, que \u201cgastam dezenas de milh\u00f5es de d\u00f3lares para suprimir a verdade\u201d, e aos algoritmos que foram \u201cconcebidos para maximizar a recolha de dados a qualquer custo\u201d. E insistiu Harry: \u201cE os filhos deles? N\u00e3o tinham problemas de sa\u00fade mental, n\u00e3o eram claramente vulner\u00e1veis, foram v\u00edtimas destas aves de rapina.\u201d<\/p>\n<p>Este \u00e9 um tema que Harry e Meghan dizem discutir frequentemente at\u00e9 enquanto pais \u2013 Archie tem seis anos e Lilibet quatro. \u201cComo muitos pais, estamos constantemente a pensar em como aproveitar os benef\u00edcios da tecnologia e, ao mesmo tempo, protegermo-nos dos seus perigos. Essa inten\u00e7\u00e3o esperan\u00e7osa, de que \u00e9 poss\u00edvel manter os dois lados, est\u00e1 a tornar-se rapidamente imposs\u00edvel\u201d, lamentou a duquesa de Sussex que subiu ao palco ao lado de Harry.<\/p>\n<p>Curiosamente nesta quinta-feira, a princesa de Gales, Kate, tamb\u00e9m publicou um artigo sobre o mesmo tema, onde defendia que as redes sociais est\u00e3o a afectar a liga\u00e7\u00e3o afectiva das fam\u00edlias. As crian\u00e7as est\u00e3o \u201cmais isoladas, mais solit\u00e1rias e menos equipadas para formar as rela\u00e7\u00f5es calorosas e significativas\u201d, lamentou a mulher de William, citada pelo<a href=\"https:\/\/www.telegraph.co.uk\/royal-family\/2025\/10\/10\/prince-harry-meghan-new-york-mental-health-award\/\" rel=\"nofollow noopener\" target=\"_blank\"> <\/a><a href=\"https:\/\/www.telegraph.co.uk\/royal-family\/2025\/10\/10\/prince-harry-meghan-new-york-mental-health-award\/\" rel=\"nofollow noopener\" target=\"_blank\">The Telegraph<\/a>. \u201cOs nossos smartphones, tablets e computadores tornaram-se fontes de distrac\u00e7\u00e3o constante, fragmentando a nossa concentra\u00e7\u00e3o e impedindo-nos de dar aos outros a aten\u00e7\u00e3o total que as rela\u00e7\u00f5es exigem.\u201d<\/p>\n<p>William e Harry s\u00e3o <a href=\"https:\/\/www.publico.pt\/2022\/05\/13\/impar\/noticia\/isabel-ii-marca-presenca-competicao-cavalos-principe-william-kate-interrompem-emissoes-radio-2006075\" rel=\"nofollow noopener\" target=\"_blank\">voz activa<\/a> sobre a sa\u00fade mental desde que assumiram o papel de membros seniores da fam\u00edlia real (um trabalho que o duque de Sussex deixou <a href=\"https:\/\/www.publico.pt\/2020\/01\/09\/impar\/noticia\/harry-meghan-pirralhos-mimados-futuros-principes-povo-1899827\" rel=\"nofollow noopener\" target=\"_blank\">em 2020<\/a>). Os dois j\u00e1 falaram v\u00e1rias vezes sobre a sua hist\u00f3ria pessoal e o sofrimento causado pela morte da m\u00e3e, <a href=\"https:\/\/www.publico.pt\/2022\/08\/31\/impar\/noticia\/ja-passaram-25-anos-mito-diana-continua-bem-vivo-2018651\" rel=\"nofollow noopener\" target=\"_blank\">a princesa Diana<\/a> \u2014 v\u00edtima de um acidente de carro em Paris, a 31 de Agosto de 1997, quando William tinha apenas 15 anos e Harry 12.<\/p>\n<p>            <script async src=\"\/\/www.instagram.com\/embed.js\"><\/script><\/p>\n","protected":false},"excerpt":{"rendered":"O pr\u00edncipe William tentou conter as l\u00e1grimas ao discutir o impacto devastador do suic\u00eddio com uma mulher cujo&hellip;\n","protected":false},"author":2,"featured_media":104870,"comment_status":"","ping_status":"","sticky":false,"template":"","format":"standard","meta":{"footnotes":""},"categories":[85],"tags":[114,115,709,708,16882,714,712,32,33,713,1030],"class_list":{"0":"post-104869","1":"post","2":"type-post","3":"status-publish","4":"format-standard","5":"has-post-thumbnail","7":"category-entretenimento","8":"tag-entertainment","9":"tag-entretenimento","10":"tag-familia-real-britanica","11":"tag-impar","12":"tag-isabel-ii","13":"tag-monarquia","14":"tag-pessoas","15":"tag-portugal","16":"tag-pt","17":"tag-reino-unido","18":"tag-saude-mental"},"share_on_mastodon":{"url":"","error":""},"_links":{"self":[{"href":"https:\/\/www.europesays.com\/pt\/wp-json\/wp\/v2\/posts\/104869","targetHints":{"allow":["GET"]}}],"collection":[{"href":"https:\/\/www.europesays.com\/pt\/wp-json\/wp\/v2\/posts"}],"about":[{"href":"https:\/\/www.europesays.com\/pt\/wp-json\/wp\/v2\/types\/post"}],"author":[{"embeddable":true,"href":"https:\/\/www.europesays.com\/pt\/wp-json\/wp\/v2\/users\/2"}],"replies":[{"embeddable":true,"href":"https:\/\/www.europesays.com\/pt\/wp-json\/wp\/v2\/comments?post=104869"}],"version-history":[{"count":0,"href":"https:\/\/www.europesays.com\/pt\/wp-json\/wp\/v2\/posts\/104869\/revisions"}],"wp:featuredmedia":[{"embeddable":true,"href":"https:\/\/www.europesays.com\/pt\/wp-json\/wp\/v2\/media\/104870"}],"wp:attachment":[{"href":"https:\/\/www.europesays.com\/pt\/wp-json\/wp\/v2\/media?parent=104869"}],"wp:term":[{"taxonomy":"category","embeddable":true,"href":"https:\/\/www.europesays.com\/pt\/wp-json\/wp\/v2\/categories?post=104869"},{"taxonomy":"post_tag","embeddable":true,"href":"https:\/\/www.europesays.com\/pt\/wp-json\/wp\/v2\/tags?post=104869"}],"curies":[{"name":"wp","href":"https:\/\/api.w.org\/{rel}","templated":true}]}}