{"id":104878,"date":"2025-10-10T11:47:17","date_gmt":"2025-10-10T11:47:17","guid":{"rendered":"https:\/\/www.europesays.com\/pt\/104878\/"},"modified":"2025-10-10T11:47:17","modified_gmt":"2025-10-10T11:47:17","slug":"gasperini-o-antipatico-que-esta-a-revolucionar-roma","status":"publish","type":"post","link":"https:\/\/www.europesays.com\/pt\/104878\/","title":{"rendered":"Gasperini, o \u00abantip\u00e1tico\u00bb que est\u00e1 a revolucionar Roma"},"content":{"rendered":"<p>            <img decoding=\"async\" src=\"https:\/\/www.europesays.com\/pt\/wp-content\/uploads\/2025\/10\/ce216ea3-c500-4944-9c42-b43d2930ae95.jpg\" alt=\"Gian Piero Gasperini deixou a Atalanta, onde esteve nove anos, e assinou pela Roma em junho - Foto: IMAGO\" height=\"574\" class=\"w-full object-contain object-top sm:h-[574px]   object-cover\"\/><\/p>\n<p>                Gian Piero Gasperini deixou a Atalanta, onde esteve nove anos, e assinou pela Roma em junho &#8211; Foto: IMAGO<\/p>\n<p>                Gian Piero Gasperini deixou a Atalanta, onde esteve nove anos, e assinou pela Roma em junho &#8211; Foto: IMAGO<\/p>\n<p>\n                Claudio Ranieri admitiu que n\u00e3o simpatizava com ele, mas era o perfil de treinador de que o clube precisava. Adaptou-se ao estilo defensivo, mas imp\u00f4s o seu modelo. Desde Maradona que n\u00e3o se via a Serie A assim\n            <\/p>\n<p>Em Roma, s\u00ea romano. O ad\u00e1gio popular pulula pelas cabe\u00e7as de todos os que jogam, treinam e gritam por um dos dois grandes clubes da capital italiana que nos \u00faltimos anos, por for\u00e7a de or\u00e7amentos mais espartanos, tem promovido um futebol (ainda) mais defensivo. Jos\u00e9 Mourinho, que venceu uma <a target=\"_blank\" class=\"editor-link autolink-enabled\" href=\"https:\/\/www.abola.pt\/futebol\/competicao\/uefa-conference-league-569\" data-resource-id=\"569\" data-resource-type=\"competition\" data-sport=\"football\" rel=\"nofollow noopener\">UEFA Conference League<\/a> pela <a target=\"_blank\" class=\"editor-link autolink-enabled\" href=\"https:\/\/www.abola.pt\/futebol\/roma-249\" data-resource-id=\"249\" data-resource-type=\"team\" data-sport=\"football\" rel=\"nofollow noopener\">Roma<\/a> e foi \u00e0 final da <a target=\"_blank\" class=\"editor-link autolink-enabled\" href=\"https:\/\/www.abola.pt\/futebol\/competicao\/uefa-europa-league-28\" data-resource-id=\"28\" data-resource-type=\"competition\" data-sport=\"football\" rel=\"nofollow noopener\">Europa League<\/a>, j\u00e1 explicou que foi a melhor forma de conseguir competir com advers\u00e1rios mais gastadores.<\/p>\n<p>Essa foi a l\u00f3gica que levou os donos norte-americanos do emblema a retirarem Claudio Ranieri da reforma, corria o m\u00eas de novembro de 2024. Com dois objetivos: estancar feridas, tirar a equipa de lugares perigosos e preparar a sucess\u00e3o, j\u00e1 como conselheiro principal de Dan Friedkin.<\/p>\n<p>No campo, correu tudo bem e melhor do que se esperava: a Roma terminou em 5.\u00ba lugar, a um ponto do acesso \u00e0 <a target=\"_blank\" class=\"editor-link autolink-enabled\" href=\"https:\/\/www.abola.pt\/futebol\/competicao\/uefa-champions-league-27\" data-resource-id=\"27\" data-resource-type=\"competition\" data-sport=\"football\" rel=\"nofollow noopener\">Champions<\/a>; fora de campo, Ranieri tomou uma decis\u00e3o arrojada: em junho foi buscar um treinador cujo estilo de jogo est\u00e1 nos ant\u00edpodas do ranierismo e que era considerado pelo pr\u00f3prio e pelos adeptos como \u00abantip\u00e1tico\u00bb. Mas era justamente o que os giallorossi precisavam, como sublinhou o agora advisor: \u00abUm homem que est\u00e1 sempre irritado, que quer sempre melhorar, que \u00e9 honesto e diz as coisas na cara, mesmo que \u00e0s vezes de forma bruta.\u00bb<\/p>\n<p>Mas a mente de estratega de Gasperini n\u00e3o se esgota na obra de autor que promoveu em nove anos na <a class=\"autolink-enabled\" data-resource-id=\"259\" data-resource-type=\"team\" data-sport=\"football\" href=\"https:\/\/www.abola.pt\/futebol\/atalanta-259\" rel=\"nofollow noopener\" target=\"_blank\">Atalanta<\/a>: a capacidade de se adaptar e \u00absair da zona de conforto\u00bb, como o pr\u00f3prio fez refer\u00eancia na sua apresenta\u00e7\u00e3o, \u00e9 outra forma de intelig\u00eancia. \u00c9 isso que se tem assistido nos primeiros cap\u00edtulos da nova hist\u00f3ria: o t\u00e9cnico de 67 anos n\u00e3o prescinde da marca\u00e7\u00e3o homem a homem e da press\u00e3o asfixiante que influenciaram a nova gera\u00e7\u00e3o de treinadores italianos (como Francesco Farioli) mas n\u00e3o eliminou a for\u00e7a motriz de tra\u00e7\u00e3o atr\u00e1s que vinha de Ranieri. Um modo h\u00edbrido que est\u00e1 a trazer resultados.<\/p>\n<p>Os n\u00fameros mostram-no: apenas dois golos sofridos e s\u00f3 sete marcados em seis jogos na <a target=\"_blank\" class=\"editor-link autolink-enabled\" href=\"https:\/\/www.abola.pt\/futebol\/competicao\/serie-a-7\" data-resource-id=\"7\" data-resource-type=\"competition\" data-sport=\"football\" rel=\"nofollow noopener\">Serie A<\/a>, 15 pontos conquistados em 18 poss\u00edveis e lideran\u00e7a partilhada com o <a target=\"_blank\" class=\"editor-link autolink-enabled\" href=\"https:\/\/www.abola.pt\/futebol\/ssc-napoles-262\" data-resource-id=\"262\" data-resource-type=\"team\" data-sport=\"football\" rel=\"nofollow noopener\">N\u00e1poles<\/a>, coisa que n\u00e3o sucedia desde 1989\/90, no tempo de Maradona nos azzurri do Sul de It\u00e1lia.<\/p>\n<p>Vit\u00f3rias magras, portanto (s\u00f3 com o <a target=\"_blank\" class=\"editor-link autolink-enabled\" href=\"https:\/\/www.abola.pt\/futebol\/verona-254\" data-resource-id=\"254\" data-resource-type=\"team\" data-sport=\"football\" rel=\"nofollow noopener\">Verona<\/a> triunfou por mais de um golo), mas seguras. Muita solidez nas transi\u00e7\u00f5es defensivas, equipa sempre equilibrada e uma \u00abnova mentalidade\u00bb dos jogadores na forma de procurarem os espa\u00e7os ofensivos.<\/p>\n<p>A proeza ganha maior express\u00e3o quando se analisa a lista dos melhores marcadores: os pontas de lan\u00e7a <a class=\"autolink-enabled\" data-resource-id=\"38161\" data-resource-type=\"player\" data-sport=\"football\" href=\"https:\/\/www.abola.pt\/futebol\/jogador\/artem-dovbyk-38161\" rel=\"nofollow noopener\" target=\"_blank\">Artem Dovbyk<\/a> e <a class=\"autolink-enabled\" data-resource-id=\"211043\" data-resource-type=\"player\" data-sport=\"football\" href=\"https:\/\/www.abola.pt\/futebol\/jogador\/evan-ferguson-211043\" rel=\"nofollow noopener\" target=\"_blank\">Evan Ferguson<\/a> somam apenas um golo marcado em conjunto e o extremo <a class=\"autolink-enabled\" data-resource-id=\"244008\" data-resource-type=\"player\" data-sport=\"football\" href=\"https:\/\/www.abola.pt\/futebol\/jogador\/matias-soule-244008\" rel=\"nofollow noopener\" target=\"_blank\">Mat\u00edas Soul\u00e9<\/a> \u00e9 o artilheiro, com tr\u00eas golos, o culpado pelo menor tempo de utiliza\u00e7\u00e3o de <a class=\"autolink-enabled\" data-resource-id=\"4941\" data-resource-type=\"player\" data-sport=\"football\" href=\"https:\/\/www.abola.pt\/futebol\/jogador\/paulo-dybala-4941\" rel=\"nofollow noopener\" target=\"_blank\">Paulo Dybala<\/a>, que aos 31 anos revela dificuldades em adaptar-se ao 3x4x2x1 de alt\u00edssima intensidade.<\/p>\n<p>H\u00e1 12 anos (10 de novembro de 2013) que a Roma n\u00e3o ocupava o primeiro lugar do campeonato e todos na cidade percebem que Gasperini \u00e9 o grande respons\u00e1vel pela mudan\u00e7a. \u00abTem uma \u00e9tica de trabalho excecional\u00bb, diz o patr\u00e3o, Dan Friedkin. Afinal, est\u00e1 a trabalhar com um esquema t\u00e1tico que tinha de tr\u00e1s e o plantel n\u00e3o teve muitas mexidas. <a class=\"autolink-enabled\" data-resource-id=\"8122\" data-resource-type=\"player\" data-sport=\"football\" href=\"https:\/\/www.abola.pt\/futebol\/jogador\/leon-bailey-8122\" rel=\"nofollow noopener\" target=\"_blank\">Leon Bailey<\/a>, contratado ao <a class=\"autolink-enabled\" data-resource-id=\"101\" data-resource-type=\"team\" data-sport=\"football\" href=\"https:\/\/www.abola.pt\/futebol\/aston-villa-101\" rel=\"nofollow noopener\" target=\"_blank\">Aston Villa<\/a>, lesionou-se com gravidade no primeiro treino, pelo que a grande contrata\u00e7\u00e3o acabou por ser a perman\u00eancia de <a class=\"autolink-enabled\" data-resource-id=\"5161\" data-resource-type=\"player\" data-sport=\"football\" href=\"https:\/\/www.abola.pt\/futebol\/jogador\/lorenzo-pellegrini-5161\" rel=\"nofollow noopener\" target=\"_blank\">Lorenzo Pellegrini<\/a>, que estava de malas aviadas mas foi convencido pelo treinador a ficar \u2013 e foi ele a decidir o d\u00e9rbi com a <a class=\"autolink-enabled\" data-resource-id=\"244\" data-resource-type=\"team\" data-sport=\"football\" href=\"https:\/\/www.abola.pt\/futebol\/lazio-244\" rel=\"nofollow noopener\" target=\"_blank\">Lazio<\/a>, a 21 de setembro, apontando o \u00fanico golo do jogo.<\/p>\n<p>Sem muitas op\u00e7\u00f5es no banco \u00e9 prov\u00e1vel que seja uma quest\u00e3o de tempo at\u00e9 a Roma come\u00e7ar a vacilar, tendo j\u00e1 na pr\u00f3xima jornada um grande teste frente ao <a target=\"_blank\" class=\"editor-link autolink-enabled\" href=\"https:\/\/www.abola.pt\/futebol\/inter-247\" data-resource-id=\"247\" data-resource-type=\"team\" data-sport=\"football\" rel=\"nofollow noopener\">Inter<\/a>, no Ol\u00edmpico. Mas por enquanto os romanos v\u00e3o degustando uma sensa\u00e7\u00e3o rara. Em fim de semana sem campenato \u00e9 o melhor dolce far niente que se pode ter.<\/p>\n<p><a target=\"_self\" class=\"editor-link\" href=\"https:\/\/profile.google.com\/cp\/CgkvbS8wNWNjOHQ?pf=0\" rel=\"nofollow noopener\">Siga o perfil de A BOLA no Google<\/a><\/p>\n","protected":false},"excerpt":{"rendered":"Gian Piero Gasperini deixou a Atalanta, onde esteve nove anos, e assinou pela Roma em junho &#8211; Foto:&hellip;\n","protected":false},"author":2,"featured_media":104879,"comment_status":"","ping_status":"","sticky":false,"template":"","format":"standard","meta":{"footnotes":""},"categories":[8],"tags":[27,28,15,16,14,25,26,21,22,12,13,19,20,32,23,24,33,17,18,29,30,31],"class_list":{"0":"post-104878","1":"post","2":"type-post","3":"status-publish","4":"format-standard","5":"has-post-thumbnail","7":"category-principais-noticias","8":"tag-breaking-news","9":"tag-breakingnews","10":"tag-featured-news","11":"tag-featurednews","12":"tag-headlines","13":"tag-latest-news","14":"tag-latestnews","15":"tag-main-news","16":"tag-mainnews","17":"tag-news","18":"tag-noticias","19":"tag-noticias-principais","20":"tag-noticiasprincipais","21":"tag-portugal","22":"tag-principais-noticias","23":"tag-principaisnoticias","24":"tag-pt","25":"tag-top-stories","26":"tag-topstories","27":"tag-ultimas","28":"tag-ultimas-noticias","29":"tag-ultimasnoticias"},"share_on_mastodon":{"url":"","error":""},"_links":{"self":[{"href":"https:\/\/www.europesays.com\/pt\/wp-json\/wp\/v2\/posts\/104878","targetHints":{"allow":["GET"]}}],"collection":[{"href":"https:\/\/www.europesays.com\/pt\/wp-json\/wp\/v2\/posts"}],"about":[{"href":"https:\/\/www.europesays.com\/pt\/wp-json\/wp\/v2\/types\/post"}],"author":[{"embeddable":true,"href":"https:\/\/www.europesays.com\/pt\/wp-json\/wp\/v2\/users\/2"}],"replies":[{"embeddable":true,"href":"https:\/\/www.europesays.com\/pt\/wp-json\/wp\/v2\/comments?post=104878"}],"version-history":[{"count":0,"href":"https:\/\/www.europesays.com\/pt\/wp-json\/wp\/v2\/posts\/104878\/revisions"}],"wp:featuredmedia":[{"embeddable":true,"href":"https:\/\/www.europesays.com\/pt\/wp-json\/wp\/v2\/media\/104879"}],"wp:attachment":[{"href":"https:\/\/www.europesays.com\/pt\/wp-json\/wp\/v2\/media?parent=104878"}],"wp:term":[{"taxonomy":"category","embeddable":true,"href":"https:\/\/www.europesays.com\/pt\/wp-json\/wp\/v2\/categories?post=104878"},{"taxonomy":"post_tag","embeddable":true,"href":"https:\/\/www.europesays.com\/pt\/wp-json\/wp\/v2\/tags?post=104878"}],"curies":[{"name":"wp","href":"https:\/\/api.w.org\/{rel}","templated":true}]}}