{"id":104880,"date":"2025-10-10T11:48:08","date_gmt":"2025-10-10T11:48:08","guid":{"rendered":"https:\/\/www.europesays.com\/pt\/104880\/"},"modified":"2025-10-10T11:48:08","modified_gmt":"2025-10-10T11:48:08","slug":"marcia-fu-recebe-renata-muller-em-clima-de-dia-das-criancas-no-fuzenda-record","status":"publish","type":"post","link":"https:\/\/www.europesays.com\/pt\/104880\/","title":{"rendered":"M\u00e1rcia Fu recebe Renata M\u00fcller em clima de Dia das Crian\u00e7as no Fuzenda \u2013 Record"},"content":{"rendered":"<p><img decoding=\"async\" data-chromatic=\"ignore\" alt=\"\" class=\"c-image\" loading=\"lazy\" src=\"https:\/\/www.europesays.com\/pt\/wp-content\/uploads\/2025\/10\/AJ2HZ7TX4RBEVOVGUMMXPRIVPI.png\"  width=\"677\" height=\"339\"\/>N\u00e3o perca as aventuras de M\u00e1rcia e Renata nesta quinta (9) Divulga\u00e7\u00e3o\/Ana Paula Aido <\/p>\n<p class=\"jarvics:base-text-neutral-high-400 base-text-[calc(theme(fontSize.xs)_*_var(--font-size,_1))] base-font-normal base-font-primary base-text-neutral-low-500 base-text-left\">Brincadeira de crian\u00e7a, como \u00e9 bom! Aproveitando a semana do Dia das Crian\u00e7as, M\u00e1rcia Fu volta no tempo na edi\u00e7\u00e3o do Fuzenda desta quinta (9), que vai ao ar logo antes do resultado da Ro\u00e7a de <a href=\"https:\/\/record.r7.com\/a-fazenda\/a-fazenda-17\/\" target=\"_self\" rel=\"nofollow noopener\" title=\"https:\/\/record.r7.com\/a-fazenda\/a-fazenda-17\/\"><b>A Fazenda 17<\/b><\/a>.<\/p>\n<p class=\"jarvics:base-text-neutral-high-400 base-text-[calc(theme(fontSize.xs)_*_var(--font-size,_1))] base-font-normal base-font-primary base-text-neutral-low-500 base-text-left\">A \u2018queen\u2019 se inspira em looks que remetem \u00e0 inf\u00e2ncia, interage com o povo nas ruas e ainda conversa com <a href=\"https:\/\/record.r7.com\/a-fazenda\/a-fazenda-17\/peoes\/renata-muller\" target=\"_self\" rel=\"nofollow noopener\" title=\"https:\/\/record.r7.com\/a-fazenda\/a-fazenda-17\/peoes\/renata-muller\"><b>Renata M\u00fcller<\/b><\/a>, a segunda eliminada da temporada. <\/p>\n<p class=\"jarvics:base-text-neutral-high-400 base-text-[calc(theme(fontSize.xs)_*_var(--font-size,_1))] base-font-normal base-font-primary base-text-neutral-low-500 base-text-left\">N\u00e3o v\u00e3o faltar boas hist\u00f3rias, divers\u00e3o e aquela energia ca\u00f3tica que amamos, n\u00e3o perca!<\/p>\n<ul class=\"b-article-body__list-unordered\">\n<li><b>Quer ficar por dentro de tudo que est\u00e1 acontecendo em\u00a0<\/b><b>A Fazenda 17<\/b><b>?\u00a0<\/b><a href=\"https:\/\/www.whatsapp.com\/channel\/0029Va2cJIR1noz2ahzX0D1N\" target=\"_blank\" rel=\"noreferrer nofollow noopener\" title=\"https:\/\/www.whatsapp.com\/channel\/0029Va2cJIR1noz2ahzX0D1N\"><b>Clique aqui<\/b><\/a><b>\u00a0e fa\u00e7a parte do nosso canal no WhatsApp!<\/b><\/li>\n<\/ul>\n<p class=\"jarvics:base-text-neutral-high-400 base-text-[calc(theme(fontSize.xs)_*_var(--font-size,_1))] base-font-normal base-font-primary base-text-neutral-low-500 base-text-left\">Fique ligado! <a href=\"https:\/\/record.r7.com\/a-fazenda\/a-fazenda-17\/\" rel=\"nofollow noopener\" title=\"https:\/\/record.r7.com\/a-fazenda\/a-fazenda-17\/\" target=\"_blank\"><b>A Fazenda 17<\/b><\/a> vai ao ar de segunda a domingo, \u00e0s 22h30, na tela da <a href=\"https:\/\/record.r7.com\/\" rel=\"nofollow noopener\" target=\"_blank\"><b>RECORD<\/b><\/a>. Assine o <a href=\"https:\/\/www.recordplus.com\/home\" rel=\"nofollow noopener\" title=\"https:\/\/www.recordplus.com\/home\" target=\"_blank\"><b>RecordPlus<\/b><\/a> e tenha acesso \u00e0s c\u00e2meras 24 horas.<\/p>\n<p><b>Delega\u00e7\u00e3o ca\u00f3tica! Dudu Camargo enfrenta tretas e reclama\u00e7\u00f5es na distribui\u00e7\u00e3o de tarefas<\/b><\/p>\n<p class=\"jarvics:base-text-neutral-high-400 base-text-[calc(theme(fontSize.xxs)_*_var(--font-size,_1))] base-font-semibold base-font-primary base-text-neutral-low-500 base-text-left\">A Fazenda 17 n\u00e3o \u00e9 para amadores! A galera acordou com a corda toda para armar barraco na delega\u00e7\u00e3o de tarefas do novo Fazendeiro do peda\u00e7o, Dudu Camargo. Rolou treta por divis\u00e3o de comida, rivalidade e at\u00e9 desagrado pela tarefa recebida. O p\u00f3s tamb\u00e9m serviu brigas ic\u00f4nicas. Se liga!<\/p>\n","protected":false},"excerpt":{"rendered":"N\u00e3o perca as aventuras de M\u00e1rcia e Renata nesta quinta (9) Divulga\u00e7\u00e3o\/Ana Paula Aido Brincadeira de crian\u00e7a, como&hellip;\n","protected":false},"author":2,"featured_media":104881,"comment_status":"","ping_status":"","sticky":false,"template":"","format":"standard","meta":{"footnotes":""},"categories":[145],"tags":[657,211,210,114,115,6753,32,33],"class_list":{"0":"post-104880","1":"post","2":"type-post","3":"status-publish","4":"format-standard","5":"has-post-thumbnail","7":"category-celebridades","8":"tag-a-fazenda","9":"tag-celebridades","10":"tag-celebrities","11":"tag-entertainment","12":"tag-entretenimento","13":"tag-marcia-fu","14":"tag-portugal","15":"tag-pt"},"share_on_mastodon":{"url":"","error":""},"_links":{"self":[{"href":"https:\/\/www.europesays.com\/pt\/wp-json\/wp\/v2\/posts\/104880","targetHints":{"allow":["GET"]}}],"collection":[{"href":"https:\/\/www.europesays.com\/pt\/wp-json\/wp\/v2\/posts"}],"about":[{"href":"https:\/\/www.europesays.com\/pt\/wp-json\/wp\/v2\/types\/post"}],"author":[{"embeddable":true,"href":"https:\/\/www.europesays.com\/pt\/wp-json\/wp\/v2\/users\/2"}],"replies":[{"embeddable":true,"href":"https:\/\/www.europesays.com\/pt\/wp-json\/wp\/v2\/comments?post=104880"}],"version-history":[{"count":0,"href":"https:\/\/www.europesays.com\/pt\/wp-json\/wp\/v2\/posts\/104880\/revisions"}],"wp:featuredmedia":[{"embeddable":true,"href":"https:\/\/www.europesays.com\/pt\/wp-json\/wp\/v2\/media\/104881"}],"wp:attachment":[{"href":"https:\/\/www.europesays.com\/pt\/wp-json\/wp\/v2\/media?parent=104880"}],"wp:term":[{"taxonomy":"category","embeddable":true,"href":"https:\/\/www.europesays.com\/pt\/wp-json\/wp\/v2\/categories?post=104880"},{"taxonomy":"post_tag","embeddable":true,"href":"https:\/\/www.europesays.com\/pt\/wp-json\/wp\/v2\/tags?post=104880"}],"curies":[{"name":"wp","href":"https:\/\/api.w.org\/{rel}","templated":true}]}}