{"id":104886,"date":"2025-10-10T11:56:10","date_gmt":"2025-10-10T11:56:10","guid":{"rendered":"https:\/\/www.europesays.com\/pt\/104886\/"},"modified":"2025-10-10T11:56:10","modified_gmt":"2025-10-10T11:56:10","slug":"nova-burla-via-sms-circula-na-madeira","status":"publish","type":"post","link":"https:\/\/www.europesays.com\/pt\/104886\/","title":{"rendered":"Nova burla via SMS circula na Madeira"},"content":{"rendered":"\n<p class=\"p_0\">H\u00e1 uma nova burla a circular, via SMS, na Madeira, a qual se assemelha \u00e0 j\u00e1 conhecida \u2018Ol\u00e1 m\u00e3e, ol\u00e1 pai\u2019.<\/p>\n<p class=\"p_1\">Desta feita, madeirenses t\u00eam recebido a seguinte mensagem: \u201cM\u00e3e, eu deixei cair o meu telem\u00f3vel e deixou de funcionar. Estou a usar um n\u00famero tempor\u00e1rio, envia-me uma mensagem no WhatsApp\u201d.<\/p>\n<p class=\"p_2\">A isto segue-se um link fraudulento, o qual n\u00e3o dever\u00e1 ser aberto, em circunst\u00e2ncia alguma.<\/p>\n","protected":false},"excerpt":{"rendered":"H\u00e1 uma nova burla a circular, via SMS, na Madeira, a qual se assemelha \u00e0 j\u00e1 conhecida \u2018Ol\u00e1&hellip;\n","protected":false},"author":2,"featured_media":104887,"comment_status":"","ping_status":"","sticky":false,"template":"","format":"standard","meta":{"footnotes":""},"categories":[85],"tags":[114,115,4000,32,33],"class_list":{"0":"post-104886","1":"post","2":"type-post","3":"status-publish","4":"format-standard","5":"has-post-thumbnail","7":"category-entretenimento","8":"tag-entertainment","9":"tag-entretenimento","10":"tag-ligia-neves","11":"tag-portugal","12":"tag-pt"},"share_on_mastodon":{"url":"","error":""},"_links":{"self":[{"href":"https:\/\/www.europesays.com\/pt\/wp-json\/wp\/v2\/posts\/104886","targetHints":{"allow":["GET"]}}],"collection":[{"href":"https:\/\/www.europesays.com\/pt\/wp-json\/wp\/v2\/posts"}],"about":[{"href":"https:\/\/www.europesays.com\/pt\/wp-json\/wp\/v2\/types\/post"}],"author":[{"embeddable":true,"href":"https:\/\/www.europesays.com\/pt\/wp-json\/wp\/v2\/users\/2"}],"replies":[{"embeddable":true,"href":"https:\/\/www.europesays.com\/pt\/wp-json\/wp\/v2\/comments?post=104886"}],"version-history":[{"count":0,"href":"https:\/\/www.europesays.com\/pt\/wp-json\/wp\/v2\/posts\/104886\/revisions"}],"wp:featuredmedia":[{"embeddable":true,"href":"https:\/\/www.europesays.com\/pt\/wp-json\/wp\/v2\/media\/104887"}],"wp:attachment":[{"href":"https:\/\/www.europesays.com\/pt\/wp-json\/wp\/v2\/media?parent=104886"}],"wp:term":[{"taxonomy":"category","embeddable":true,"href":"https:\/\/www.europesays.com\/pt\/wp-json\/wp\/v2\/categories?post=104886"},{"taxonomy":"post_tag","embeddable":true,"href":"https:\/\/www.europesays.com\/pt\/wp-json\/wp\/v2\/tags?post=104886"}],"curies":[{"name":"wp","href":"https:\/\/api.w.org\/{rel}","templated":true}]}}