{"id":104914,"date":"2025-10-10T12:15:37","date_gmt":"2025-10-10T12:15:37","guid":{"rendered":"https:\/\/www.europesays.com\/pt\/104914\/"},"modified":"2025-10-10T12:15:37","modified_gmt":"2025-10-10T12:15:37","slug":"nenhum-reality-show-muda-o-que-e-verdadeiro","status":"publish","type":"post","link":"https:\/\/www.europesays.com\/pt\/104914\/","title":{"rendered":"Nenhum reality show muda o que \u00e9 verdadeiro"},"content":{"rendered":"<p style=\"text-align: justify;\"><strong>Sandrina Pratas partilhou uma fotografia do dia do casamento com Lucas e deixou uma reflex\u00e3o. A ex-concorrente da \u2018Casa dos Segredos\u2019 salientou que quando o amor \u00e9 verdadeiro nada muda.\u00a0<\/strong><\/p>\n<p style=\"text-align: justify;\"><a href=\"https:\/\/www.atelevisao.com\/famosos\/sandrina-pratas-responde-a-criticas-apos-video-com-o-seu-cao-bebe-metam-se-na-vossa-vida\/\" rel=\"nofollow noopener\" target=\"_blank\">Sandrina Pratas<\/a> salientou o amor que sente por Lucas e garantiu que o reality-show n\u00e3o muda o que \u00e9 verdadeiro. Apesar de n\u00e3o ter referido o nome de Liliana, tudo indica que seja uma forma de rea\u00e7\u00e3o de ao t\u00e9rmino do noivado da atual concorrente da \u2018Casa dos Segredos\u2019.<\/p>\n<p style=\"text-align: justify;\"><strong>\u201cNenhum reality show muda o que \u00e9 verdadeiro. Quando somos uma mulher de respeito, o amor continua firme, leal e inabal\u00e1vel \u2014 porque o que \u00e9 real, ningu\u00e9m destr\u00f3i\u201d,<\/strong> escreveu na legenda.<\/p>\n<p>Ora veja:<\/p>\n","protected":false},"excerpt":{"rendered":"Sandrina Pratas partilhou uma fotografia do dia do casamento com Lucas e deixou uma reflex\u00e3o. A ex-concorrente da&hellip;\n","protected":false},"author":2,"featured_media":104915,"comment_status":"","ping_status":"","sticky":false,"template":"","format":"standard","meta":{"footnotes":""},"categories":[8],"tags":[27,28,15,16,14,25,26,21,22,12,13,19,20,32,23,24,33,17,18,29,30,31],"class_list":{"0":"post-104914","1":"post","2":"type-post","3":"status-publish","4":"format-standard","5":"has-post-thumbnail","7":"category-principais-noticias","8":"tag-breaking-news","9":"tag-breakingnews","10":"tag-featured-news","11":"tag-featurednews","12":"tag-headlines","13":"tag-latest-news","14":"tag-latestnews","15":"tag-main-news","16":"tag-mainnews","17":"tag-news","18":"tag-noticias","19":"tag-noticias-principais","20":"tag-noticiasprincipais","21":"tag-portugal","22":"tag-principais-noticias","23":"tag-principaisnoticias","24":"tag-pt","25":"tag-top-stories","26":"tag-topstories","27":"tag-ultimas","28":"tag-ultimas-noticias","29":"tag-ultimasnoticias"},"share_on_mastodon":{"url":"","error":""},"_links":{"self":[{"href":"https:\/\/www.europesays.com\/pt\/wp-json\/wp\/v2\/posts\/104914","targetHints":{"allow":["GET"]}}],"collection":[{"href":"https:\/\/www.europesays.com\/pt\/wp-json\/wp\/v2\/posts"}],"about":[{"href":"https:\/\/www.europesays.com\/pt\/wp-json\/wp\/v2\/types\/post"}],"author":[{"embeddable":true,"href":"https:\/\/www.europesays.com\/pt\/wp-json\/wp\/v2\/users\/2"}],"replies":[{"embeddable":true,"href":"https:\/\/www.europesays.com\/pt\/wp-json\/wp\/v2\/comments?post=104914"}],"version-history":[{"count":0,"href":"https:\/\/www.europesays.com\/pt\/wp-json\/wp\/v2\/posts\/104914\/revisions"}],"wp:featuredmedia":[{"embeddable":true,"href":"https:\/\/www.europesays.com\/pt\/wp-json\/wp\/v2\/media\/104915"}],"wp:attachment":[{"href":"https:\/\/www.europesays.com\/pt\/wp-json\/wp\/v2\/media?parent=104914"}],"wp:term":[{"taxonomy":"category","embeddable":true,"href":"https:\/\/www.europesays.com\/pt\/wp-json\/wp\/v2\/categories?post=104914"},{"taxonomy":"post_tag","embeddable":true,"href":"https:\/\/www.europesays.com\/pt\/wp-json\/wp\/v2\/tags?post=104914"}],"curies":[{"name":"wp","href":"https:\/\/api.w.org\/{rel}","templated":true}]}}