{"id":104916,"date":"2025-10-10T12:16:11","date_gmt":"2025-10-10T12:16:11","guid":{"rendered":"https:\/\/www.europesays.com\/pt\/104916\/"},"modified":"2025-10-10T12:16:11","modified_gmt":"2025-10-10T12:16:11","slug":"o-show-deve-continuar-milei-o-rockstar-que-afunda-o-peso","status":"publish","type":"post","link":"https:\/\/www.europesays.com\/pt\/104916\/","title":{"rendered":"O show deve continuar? Milei, o rockstar que afunda o peso"},"content":{"rendered":"<p><img decoding=\"async\" fetchpriority=\"high\" src=\"https:\/\/www.europesays.com\/pt\/wp-content\/uploads\/2025\/10\/8kf6nmt1ght9wd6shm85gq7o8.jpg\" width=\"906\" height=\"509\" alt=\"Milei se apresentou em show de rock\" title=\"Milei se apresentou em show de rock\"\/>Reprodu\u00e7\u00e3o\/X<\/p>\n<p>Milei se apresentou em show de rock<\/p>\n<p>Na \u00faltima segunda-feira (6), enquanto o peso argentino desabava 7% em uma semana, o presidente da Argentina,\u00a0 <strong>Javier Milei<\/strong>, trocava a motosserra pelo microfone no Movistar Arena, cantando Panic Show como se o p\u00e2nico fosse apenas uma letra de rock.<\/p>\n<p>O evento marcou o lan\u00e7amento de seu livro La Construcci\u00f3n del Milagro, com 573 p\u00e1ginas reunindo discursos e publica\u00e7\u00f5es em redes sociais. Cerca de 15.000 pessoas estiveram presentes.<\/p>\n<p><strong>Veja mais:<\/strong> <a href=\"https:\/\/ultimosegundo.ig.com.br\/mundo\/2025-03-02\/milei-ameaca-tirar-argentina-do-mercosul.html\" target=\"_blank\" rel=\"noopener nofollow\" data-mce-href=\"https:\/\/ultimosegundo.ig.com.br\/mundo\/2025-03-02\/milei-ameaca-tirar-argentina-do-mercosul.html\" data-mce->Milei amea\u00e7a retirar a Argentina do Mercosul e ironiza o Brasil<\/a><br data-mce-bogus=\"1\"\/><\/p>\n<p>Milei vestiu jaqueta de couro preta, cantou nove m\u00fasicas, em grande parte cl\u00e1ssicos do rock argentino dos anos 1980, como Demoliendo Hoteles, de Charly Garc\u00eda, e adaptou letras para ataques ao kirchnerismo.<\/p>\n<p>A apresenta\u00e7\u00e3o incluiu a Banda Presidencial, imagens de bombardeios no fundo do palco e uma vers\u00e3o de Hava Nagila, can\u00e7\u00e3o judaica, em rea\u00e7\u00e3o a um ataque antissemita recente.<\/p>\n<p>O show durou cerca de uma hora, seguido de discurso pol\u00edtico, com custo estimado em US$ 260 mil, pago por apoiadores privados.<\/p>\n<p>\u201cEm 6 de outubro, no meio de seu per\u00edodo mais dif\u00edcil como presidente, Javier Milei vestiu uma longa jaqueta de couro, entrou em uma arena lotada em Buenos Aires e pulou como uma estrela do rock, cantando cl\u00e1ssicos do rock argentino\u201d , registrou a Economist.<\/p>\n<p>Enquanto isso, o Banco Central da Argentina enfrentava uma semana de intensa press\u00e3o cambial. Nos \u00faltimos dias, foram vendidos aproximadamente US$ 1,1 bilh\u00e3o em reservas l\u00edquidas, incluindo US$ 678 milh\u00f5es em uma \u00fanica sess\u00e3o, a maior opera\u00e7\u00e3o desde 2019.<\/p>\n<p>O objetivo era defender a banda cambial flutuante, cujo teto atual \u00e9 1.475 pesos por d\u00f3lar. Apesar das reservas brutas de US$ 39 bilh\u00f5es, as l\u00edquidas somam apenas US$ 6 a 7 bilh\u00f5es, insuficientes para cobrir compromissos at\u00e9 as elei\u00e7\u00f5es de 26 de outubro.<\/p>\n<p>No mercado paralelo, o d\u00f3lar atingiu 1.510 pesos. Analistas alertam para risco de default em d\u00edvidas de US$ 34 bilh\u00f5es at\u00e9 2027.<\/p>\n<p>A equipe econ\u00f4mica busca um swap de US$ 20 bilh\u00f5es nos Estados Unidos, anunciado por Scott Bessent, mas proje\u00e7\u00f5es do Banco Trust indicam perda de US$ 10 bilh\u00f5es em reservas at\u00e9 o final de outubro.<\/p>\n<p>Enquanto Milei pulava no palco, o BCRA queimava reservas como se fossem palitos de f\u00f3sforo. A opera\u00e7\u00e3o chamou aten\u00e7\u00e3o pelo contraste entre o espet\u00e1culo e a crise real.<\/p>\n<p>O lan\u00e7amento do livro, prometendo um \u201cmilagre\u201d, se tornou ironicamente um pretexto para justificar gastos bilion\u00e1rios para evitar um default que o pr\u00f3prio presidente dizia combater.<\/p>\n<p>Esc\u00e2ndalos de Milei<img decoding=\"async\" fetchpriority=\"high\" src=\"https:\/\/www.europesays.com\/pt\/wp-content\/uploads\/2025\/10\/cu7hmv9gjt6t27vybdww3z9nj.jpg\" width=\"906\" height=\"509\" alt=\"Javier Milei ao lado da irm\u00e3, Karina\" title=\"Javier Milei ao lado da irm\u00e3, Karina\"\/>Riccardo De Luca\/Avalon\/picture alliance<\/p>\n<p>Javier Milei ao lado da irm\u00e3, Karina<\/p>\n<p>Em fevereiro, ele promoveu a criptomoeda $LIBRA, que subiu 1.300% em poucas horas e colapsou ap\u00f3s venda de tokens por desenvolvedores, resultando em perdas de US$ 250 milh\u00f5es para investidores.<\/p>\n<p>Milei afirmou ter sido enganado, enquanto rumores apontam assessores pr\u00f3ximos como respons\u00e1veis. Processo por fraude tramita em Nova York.<\/p>\n<p>Em agosto e setembro, \u00e1udios vazados atribu\u00edram \u00e0 irm\u00e3 do presidente, Karina Milei, a apropria\u00e7\u00e3o de 3% em contratos de rem\u00e9dios para deficientes, num total estimado de US$ 500 a 800 mil mensais.<\/p>\n<p>A Justi\u00e7a federal baniu a divulga\u00e7\u00e3o de novos \u00e1udios, e a investiga\u00e7\u00e3o envolveu 15 locais revistados pela pol\u00edcia.<\/p>\n<p>Governadores provinciais tamb\u00e9m se afastaram. Em julho e setembro, 24 chefes de prov\u00edncia aprovaram leis elevando gastos locais no Senado, for\u00e7ando Milei a liberar fundos federais retidos.<\/p>\n<p>Axel Kicillof, da prov\u00edncia de Buenos Aires, classificou o show do presidente argentino como um \u201cdesgoverno\u201d; Nacho Torres, de Chubut, amea\u00e7ou cortar energia; e Omar Perotti, de Santa Fe, alertou para o aumento do descontentamento social.<\/p>\n<p>As restri\u00e7\u00f5es or\u00e7ament\u00e1rias do governo interromperam obras e subs\u00eddios, produzindo um super\u00e1vit ajustado de apenas 1,8% do PIB.<\/p>\n<p>No mercado financeiro, os sinais de alerta se multiplicam<\/p>\n<p class=\"\">O \u00edndice Merval caiu 50% em d\u00f3lares em 2025, o pior desempenho global. Bonds argentinos despencaram ap\u00f3s a derrota de Milei em Buenos Aires, com investidores reagindo \u00e0 incerteza eleitoral e aos riscos fiscais. Bitcoin e DAI se tornaram hedge para residentes preocupados com deprecia\u00e7\u00e3o cambial.<\/p>\n<p>Para analistas e investidores, o show de Milei \u00e9 visto como um \u201c\u00faltimo suspiro\u201d de seu governo. Enquanto a banda toca no palco, reservas evaporam, mercados se retraem e aliados se distanciam, tra\u00e7ando um quadro de tens\u00e3o e volatilidade no cen\u00e1rio pol\u00edtico e econ\u00f4mico argentino.<\/p>\n","protected":false},"excerpt":{"rendered":"Reprodu\u00e7\u00e3o\/X Milei se apresentou em show de rock Na \u00faltima segunda-feira (6), enquanto o peso argentino desabava 7%&hellip;\n","protected":false},"author":2,"featured_media":104917,"comment_status":"","ping_status":"","sticky":false,"template":"","format":"standard","meta":{"footnotes":""},"categories":[145],"tags":[2424,211,210,114,115,12232,3571,32,33],"class_list":{"0":"post-104916","1":"post","2":"type-post","3":"status-publish","4":"format-standard","5":"has-post-thumbnail","7":"category-celebridades","8":"tag-argentina","9":"tag-celebridades","10":"tag-celebrities","11":"tag-entertainment","12":"tag-entretenimento","13":"tag-javier-milei","14":"tag-peso","15":"tag-portugal","16":"tag-pt"},"share_on_mastodon":{"url":"","error":""},"_links":{"self":[{"href":"https:\/\/www.europesays.com\/pt\/wp-json\/wp\/v2\/posts\/104916","targetHints":{"allow":["GET"]}}],"collection":[{"href":"https:\/\/www.europesays.com\/pt\/wp-json\/wp\/v2\/posts"}],"about":[{"href":"https:\/\/www.europesays.com\/pt\/wp-json\/wp\/v2\/types\/post"}],"author":[{"embeddable":true,"href":"https:\/\/www.europesays.com\/pt\/wp-json\/wp\/v2\/users\/2"}],"replies":[{"embeddable":true,"href":"https:\/\/www.europesays.com\/pt\/wp-json\/wp\/v2\/comments?post=104916"}],"version-history":[{"count":0,"href":"https:\/\/www.europesays.com\/pt\/wp-json\/wp\/v2\/posts\/104916\/revisions"}],"wp:featuredmedia":[{"embeddable":true,"href":"https:\/\/www.europesays.com\/pt\/wp-json\/wp\/v2\/media\/104917"}],"wp:attachment":[{"href":"https:\/\/www.europesays.com\/pt\/wp-json\/wp\/v2\/media?parent=104916"}],"wp:term":[{"taxonomy":"category","embeddable":true,"href":"https:\/\/www.europesays.com\/pt\/wp-json\/wp\/v2\/categories?post=104916"},{"taxonomy":"post_tag","embeddable":true,"href":"https:\/\/www.europesays.com\/pt\/wp-json\/wp\/v2\/tags?post=104916"}],"curies":[{"name":"wp","href":"https:\/\/api.w.org\/{rel}","templated":true}]}}