{"id":104920,"date":"2025-10-10T12:22:08","date_gmt":"2025-10-10T12:22:08","guid":{"rendered":"https:\/\/www.europesays.com\/pt\/104920\/"},"modified":"2025-10-10T12:22:08","modified_gmt":"2025-10-10T12:22:08","slug":"benfica-rui-costa-cancela-presenca-no-portugal-football-summit","status":"publish","type":"post","link":"https:\/\/www.europesays.com\/pt\/104920\/","title":{"rendered":"Benfica: Rui Costa cancela presen\u00e7a no Portugal Football Summit"},"content":{"rendered":"<p style=\"margin-bottom:11px\">Rui Costa cancelou a presen\u00e7a no Portugal Football Summit, que decorre at\u00e9 este s\u00e1bado na Cidade do Futebol. Conforme avan\u00e7ado na imprensa nacional e confirmado pelo <strong>Maisfutebol<\/strong>, o presidente do Benfica n\u00e3o vai chegar ao evento ao princ\u00edpio da tarde, conforme previsto.<\/p>\n<p>Segundo o que apur\u00e1mos, quest\u00f5es de agenda impedem Rui Costa de marcar presen\u00e7a na Cidade do Futebol. Por sua vez, Andr\u00e9 Villas-Boas \u2013 hom\u00f3logo do FC Porto \u2013 discursa na manh\u00e3 desta sexta-feira.<\/p>\n","protected":false},"excerpt":{"rendered":"Rui Costa cancelou a presen\u00e7a no Portugal Football Summit, que decorre at\u00e9 este s\u00e1bado na Cidade do Futebol.&hellip;\n","protected":false},"author":2,"featured_media":104921,"comment_status":"","ping_status":"","sticky":false,"template":"","format":"standard","meta":{"footnotes":""},"categories":[87],"tags":[51,135,285,36,46,32,24942,33,47,134],"class_list":{"0":"post-104920","1":"post","2":"type-post","3":"status-publish","4":"format-standard","5":"has-post-thumbnail","7":"category-desporto","8":"tag-benfica","9":"tag-desporto","10":"tag-fpf","11":"tag-liga","12":"tag-maisfutebol","13":"tag-portugal","14":"tag-portugal-football-summit","15":"tag-pt","16":"tag-pura-paixao","17":"tag-sports"},"share_on_mastodon":{"url":"","error":""},"_links":{"self":[{"href":"https:\/\/www.europesays.com\/pt\/wp-json\/wp\/v2\/posts\/104920","targetHints":{"allow":["GET"]}}],"collection":[{"href":"https:\/\/www.europesays.com\/pt\/wp-json\/wp\/v2\/posts"}],"about":[{"href":"https:\/\/www.europesays.com\/pt\/wp-json\/wp\/v2\/types\/post"}],"author":[{"embeddable":true,"href":"https:\/\/www.europesays.com\/pt\/wp-json\/wp\/v2\/users\/2"}],"replies":[{"embeddable":true,"href":"https:\/\/www.europesays.com\/pt\/wp-json\/wp\/v2\/comments?post=104920"}],"version-history":[{"count":0,"href":"https:\/\/www.europesays.com\/pt\/wp-json\/wp\/v2\/posts\/104920\/revisions"}],"wp:featuredmedia":[{"embeddable":true,"href":"https:\/\/www.europesays.com\/pt\/wp-json\/wp\/v2\/media\/104921"}],"wp:attachment":[{"href":"https:\/\/www.europesays.com\/pt\/wp-json\/wp\/v2\/media?parent=104920"}],"wp:term":[{"taxonomy":"category","embeddable":true,"href":"https:\/\/www.europesays.com\/pt\/wp-json\/wp\/v2\/categories?post=104920"},{"taxonomy":"post_tag","embeddable":true,"href":"https:\/\/www.europesays.com\/pt\/wp-json\/wp\/v2\/tags?post=104920"}],"curies":[{"name":"wp","href":"https:\/\/api.w.org\/{rel}","templated":true}]}}