{"id":104930,"date":"2025-10-10T12:31:16","date_gmt":"2025-10-10T12:31:16","guid":{"rendered":"https:\/\/www.europesays.com\/pt\/104930\/"},"modified":"2025-10-10T12:31:16","modified_gmt":"2025-10-10T12:31:16","slug":"peru-parlamento-destitui-presidente-dina-boluarte","status":"publish","type":"post","link":"https:\/\/www.europesays.com\/pt\/104930\/","title":{"rendered":"Peru: Parlamento destitui Presidente Dina Boluarte"},"content":{"rendered":"<p style=\"text-align: start;\">A Presidente peruana, Dina Boluarte, foi destitu\u00edda esta madrugada pelo parlamento, numa altura em que o pa\u00eds enfrenta uma vaga de crimes.<\/p>\n<p style=\"text-align: start;\">&#8220;A destitui\u00e7\u00e3o da presidente foi aprovada&#8221;, anunciou o presidente do parlamento do Peru, Jos\u00e9 Jer\u00ed, no final de uma sess\u00e3o \u00e0 qual Dina Boluarte n\u00e3o compareceu, apesar de ter sido convocada.<\/p>\n<p style=\"text-align: start;\">Ser\u00e1 agora o presidente do parlamento a assumir o poder interinamente at\u00e9 \u00e0s elei\u00e7\u00f5es gerais de abril de 2026.<\/p>\n<p style=\"text-align: start;\">V\u00e1rias pessoas celebraram a decis\u00e3o \u00e0 frente ao parlamento, agitando bandeiras peruanas e empunhando cartazes com slogans contra a l\u00edder de 63 anos.<\/p>\n<p style=\"text-align: start;\">Destitu\u00edda, Dina Boluarte perde a imunidade e fica agora exposta a poss\u00edveis processos judiciais que podem conduzi-la \u00e0 pris\u00e3o.<\/p>\n<p style=\"text-align: start;\">A chefe de Estado foi convocada para uma sess\u00e3o plen\u00e1ria a partir das 23:30 locais de quinta-feira (05:30 de hoje em Lisboa), de acordo com uma resolu\u00e7\u00e3o aprovada pelo parlamento monocameral.<\/p>\n<p style=\"text-align: start;\">As principais for\u00e7as pol\u00edticas apresentaram na quinta-feira cinco mo\u00e7\u00f5es de destitui\u00e7\u00e3o, e a an\u00e1lise de quatro delas foi aprovada durante a noite por maioria.<\/p>\n<p style=\"text-align: start;\">As mo\u00e7\u00f5es invocam uma &#8220;incapacidade moral permanente&#8221; da dirigente para exercer as fun\u00e7\u00f5es de lideran\u00e7a, de acordo com os documentos lidos na abertura da sess\u00e3o parlamentar.<\/p>\n<p style=\"text-align: start;\">Dina Boluarte j\u00e1 foi alvo de v\u00e1rias tentativas de destitui\u00e7\u00e3o, sem que nenhuma delas tenha sido bem-sucedida. Desta vez, o processo foi aprovado, com os partidos de direita e extrema direita que a apoiavam at\u00e9 agora a recuarem.<\/p>\n<p style=\"text-align: start;\">O Peru atravessa o pior per\u00edodo de instabilidade pol\u00edtica da hist\u00f3ria recente, com seis presidentes em quase nove anos.<\/p>\n<p style=\"text-align: start;\">Chegada ao poder ap\u00f3s a destitui\u00e7\u00e3o do presidente Pedro Castillo, num contexto de manifesta\u00e7\u00f5es violentamente reprimidas que causaram pelo menos 50 mortos, Dina Boluarte enfrenta uma impopularidade recorde.<\/p>\n<p style=\"text-align: start;\">O mandato ficou tamb\u00e9m manchado por v\u00e1rios esc\u00e2ndalos, incluindo o &#8220;Rolexgate&#8221;, relativo a rel\u00f3gios e joias de luxo que a l\u00edder n\u00e3o teria declarado, e uma rinoplastia realizada em julho de 2023, mantida em segredo, quando a lei a obriga a informar o \u00f3rg\u00e3o legislativo.<\/p>\n<p style=\"text-align: start;\">Nas \u00faltimas semanas, os protestos contra o Governo multiplicaram-se em Lima, face a uma onda de extors\u00f5es e assassinatos atribu\u00eddos ao crime organizado.<\/p>\n","protected":false},"excerpt":{"rendered":"A Presidente peruana, Dina Boluarte, foi destitu\u00edda esta madrugada pelo parlamento, numa altura em que o pa\u00eds enfrenta&hellip;\n","protected":false},"author":2,"featured_media":104931,"comment_status":"","ping_status":"","sticky":false,"template":"","format":"standard","meta":{"footnotes":""},"categories":[50],"tags":[27,28,15,16,14,25,26,21,22,62,12,13,19,20,23,24,17,18,29,30,31,63,64,65],"class_list":{"0":"post-104930","1":"post","2":"type-post","3":"status-publish","4":"format-standard","5":"has-post-thumbnail","7":"category-mundo","8":"tag-breaking-news","9":"tag-breakingnews","10":"tag-featured-news","11":"tag-featurednews","12":"tag-headlines","13":"tag-latest-news","14":"tag-latestnews","15":"tag-main-news","16":"tag-mainnews","17":"tag-mundo","18":"tag-news","19":"tag-noticias","20":"tag-noticias-principais","21":"tag-noticiasprincipais","22":"tag-principais-noticias","23":"tag-principaisnoticias","24":"tag-top-stories","25":"tag-topstories","26":"tag-ultimas","27":"tag-ultimas-noticias","28":"tag-ultimasnoticias","29":"tag-world","30":"tag-world-news","31":"tag-worldnews"},"share_on_mastodon":{"url":"","error":""},"_links":{"self":[{"href":"https:\/\/www.europesays.com\/pt\/wp-json\/wp\/v2\/posts\/104930","targetHints":{"allow":["GET"]}}],"collection":[{"href":"https:\/\/www.europesays.com\/pt\/wp-json\/wp\/v2\/posts"}],"about":[{"href":"https:\/\/www.europesays.com\/pt\/wp-json\/wp\/v2\/types\/post"}],"author":[{"embeddable":true,"href":"https:\/\/www.europesays.com\/pt\/wp-json\/wp\/v2\/users\/2"}],"replies":[{"embeddable":true,"href":"https:\/\/www.europesays.com\/pt\/wp-json\/wp\/v2\/comments?post=104930"}],"version-history":[{"count":0,"href":"https:\/\/www.europesays.com\/pt\/wp-json\/wp\/v2\/posts\/104930\/revisions"}],"wp:featuredmedia":[{"embeddable":true,"href":"https:\/\/www.europesays.com\/pt\/wp-json\/wp\/v2\/media\/104931"}],"wp:attachment":[{"href":"https:\/\/www.europesays.com\/pt\/wp-json\/wp\/v2\/media?parent=104930"}],"wp:term":[{"taxonomy":"category","embeddable":true,"href":"https:\/\/www.europesays.com\/pt\/wp-json\/wp\/v2\/categories?post=104930"},{"taxonomy":"post_tag","embeddable":true,"href":"https:\/\/www.europesays.com\/pt\/wp-json\/wp\/v2\/tags?post=104930"}],"curies":[{"name":"wp","href":"https:\/\/api.w.org\/{rel}","templated":true}]}}