{"id":104938,"date":"2025-10-10T12:40:09","date_gmt":"2025-10-10T12:40:09","guid":{"rendered":"https:\/\/www.europesays.com\/pt\/104938\/"},"modified":"2025-10-10T12:40:09","modified_gmt":"2025-10-10T12:40:09","slug":"mais-tres-do-sporting-em-acao-pelas-selecoes","status":"publish","type":"post","link":"https:\/\/www.europesays.com\/pt\/104938\/","title":{"rendered":"Mais tr\u00eas do Sporting em a\u00e7\u00e3o pelas sele\u00e7\u00f5es"},"content":{"rendered":"<p><a class=\"autolink-enabled\" data-resource-id=\"214433\" data-resource-type=\"player\" data-sport=\"football\" href=\"https:\/\/www.abola.pt\/futebol\/jogador\/geny-catamo-214433\" rel=\"nofollow noopener\" target=\"_blank\">Catamo<\/a> foi titular e jogou os 90\u2019; <a class=\"autolink-enabled\" data-resource-id=\"196481\" data-resource-type=\"player\" data-sport=\"football\" href=\"https:\/\/www.abola.pt\/futebol\/jogador\/morten-hjulmand-196481\" rel=\"nofollow noopener\" target=\"_blank\">Hjulmand<\/a> tamb\u00e9m jogou de in\u00edcio mas saiu aos 64\u2019; j\u00e1 os gregos um jogou de in\u00edcio e todo o jogo, <a class=\"autolink-enabled\" data-resource-id=\"218316\" data-resource-type=\"player\" data-sport=\"football\" href=\"https:\/\/www.abola.pt\/futebol\/jogador\/georgios-vagiannidis-218316\" rel=\"nofollow noopener\" target=\"_blank\">Vagiannidis<\/a>, o avan\u00e7ado <a class=\"autolink-enabled\" data-resource-id=\"187224\" data-resource-type=\"player\" data-sport=\"football\" href=\"https:\/\/www.abola.pt\/futebol\/jogador\/fotis-ioannidis-187224\" rel=\"nofollow noopener\" target=\"_blank\">Ioannidis<\/a> entrou aos 72\u2019.<\/p>\n<p>\u00abDomin\u00e1mos desde o primeiro minuto e n\u00e3o consentimos qualquer oportunidade. Mas o futebol \u00e9 assim, nem sempre o melhor vence\u00bb, lamentou <a class=\"autolink-enabled\" data-resource-id=\"218316\" data-resource-type=\"player\" data-sport=\"football\" href=\"https:\/\/www.abola.pt\/futebol\/jogador\/georgios-vagiannidis-218316\" rel=\"nofollow noopener\" target=\"_blank\">Vagiannidis<\/a>.<\/p>\n<p>Esta sexta-feira entram em a\u00e7\u00e3o mais tr\u00eas le\u00f5es: o belga <a class=\"autolink-enabled\" data-resource-id=\"233639\" data-resource-type=\"player\" data-sport=\"football\" href=\"https:\/\/www.abola.pt\/futebol\/jogador\/debast-233639\" rel=\"nofollow noopener\" target=\"_blank\">Debast<\/a> com a <a class=\"autolink-enabled\" data-resource-id=\"1510\" data-resource-type=\"team\" data-sport=\"football\" href=\"https:\/\/www.abola.pt\/futebol\/macedonia-do-norte-1510\" rel=\"nofollow noopener\" target=\"_blank\">Maced\u00f3nia do Norte<\/a>, a partir das 19h45 na qualifica\u00e7\u00e3o europeia parta o <a class=\"autolink-enabled\" data-resource-id=\"618\" data-resource-type=\"competition\" data-sport=\"football\" href=\"https:\/\/www.abola.pt\/futebol\/competicao\/mundial-qualificacao-europeia-618\" rel=\"nofollow noopener\" target=\"_blank\">Mundial<\/a> 2026. Os sub-21 portugueses <a class=\"autolink-enabled\" data-resource-id=\"4409518\" data-resource-type=\"player\" data-sport=\"football\" href=\"https:\/\/www.abola.pt\/futebol\/jogador\/joao-simoes-4409518\" rel=\"nofollow noopener\" target=\"_blank\">Jo\u00e3o Sim\u00f5es<\/a> e Geovany <a class=\"autolink-enabled\" data-resource-id=\"295516\" data-resource-type=\"player\" data-sport=\"football\" href=\"https:\/\/www.abola.pt\/futebol\/jogador\/quenda-295516\" rel=\"nofollow noopener\" target=\"_blank\">Quenda<\/a> jogam com a <a class=\"autolink-enabled\" data-resource-id=\"2258\" data-resource-type=\"team\" data-sport=\"football\" href=\"https:\/\/www.abola.pt\/futebol\/bulgaria-2258\" rel=\"nofollow noopener\" target=\"_blank\">Bulg\u00e1ria<\/a>, a partir das 19h30, na qualifica\u00e7\u00e3o para o Europeu da categoria.<\/p>\n","protected":false},"excerpt":{"rendered":"Catamo foi titular e jogou os 90\u2019; Hjulmand tamb\u00e9m jogou de in\u00edcio mas saiu aos 64\u2019; j\u00e1 os&hellip;\n","protected":false},"author":2,"featured_media":104939,"comment_status":"","ping_status":"","sticky":false,"template":"","format":"standard","meta":{"footnotes":""},"categories":[87],"tags":[135,32,33,134],"class_list":{"0":"post-104938","1":"post","2":"type-post","3":"status-publish","4":"format-standard","5":"has-post-thumbnail","7":"category-desporto","8":"tag-desporto","9":"tag-portugal","10":"tag-pt","11":"tag-sports"},"share_on_mastodon":{"url":"","error":""},"_links":{"self":[{"href":"https:\/\/www.europesays.com\/pt\/wp-json\/wp\/v2\/posts\/104938","targetHints":{"allow":["GET"]}}],"collection":[{"href":"https:\/\/www.europesays.com\/pt\/wp-json\/wp\/v2\/posts"}],"about":[{"href":"https:\/\/www.europesays.com\/pt\/wp-json\/wp\/v2\/types\/post"}],"author":[{"embeddable":true,"href":"https:\/\/www.europesays.com\/pt\/wp-json\/wp\/v2\/users\/2"}],"replies":[{"embeddable":true,"href":"https:\/\/www.europesays.com\/pt\/wp-json\/wp\/v2\/comments?post=104938"}],"version-history":[{"count":0,"href":"https:\/\/www.europesays.com\/pt\/wp-json\/wp\/v2\/posts\/104938\/revisions"}],"wp:featuredmedia":[{"embeddable":true,"href":"https:\/\/www.europesays.com\/pt\/wp-json\/wp\/v2\/media\/104939"}],"wp:attachment":[{"href":"https:\/\/www.europesays.com\/pt\/wp-json\/wp\/v2\/media?parent=104938"}],"wp:term":[{"taxonomy":"category","embeddable":true,"href":"https:\/\/www.europesays.com\/pt\/wp-json\/wp\/v2\/categories?post=104938"},{"taxonomy":"post_tag","embeddable":true,"href":"https:\/\/www.europesays.com\/pt\/wp-json\/wp\/v2\/tags?post=104938"}],"curies":[{"name":"wp","href":"https:\/\/api.w.org\/{rel}","templated":true}]}}