{"id":104951,"date":"2025-10-10T12:57:08","date_gmt":"2025-10-10T12:57:08","guid":{"rendered":"https:\/\/www.europesays.com\/pt\/104951\/"},"modified":"2025-10-10T12:57:08","modified_gmt":"2025-10-10T12:57:08","slug":"revelada-a-verdadeira-assassina-de-odete-roitman","status":"publish","type":"post","link":"https:\/\/www.europesays.com\/pt\/104951\/","title":{"rendered":"Revelada a verdadeira assassina de Odete Roitman"},"content":{"rendered":"<p>Mesmo quem n\u00e3o assiste \u00e0 novela Vale Tudo, provavelmente viu alguma postagem ou conversa na rua com teorias sobre quem matou Odete Roitman (Debora Bloch). O cap\u00edtulo com a aguardada morte da vil\u00e3 foi ao ar na \u00faltima segunda-feira (6) e temos cinco suspeitos:<\/p>\n<ul class=\"wp-block-list\">\n<li>C\u00e9sar (Cau\u00e3 Reymond);<\/li>\n<li>Maria de F\u00e1tima (Bella Campos);<\/li>\n<li>Heleninha (Paolla Oliveira);<\/li>\n<li>Celina (Malu Galli);<\/li>\n<li>Marco Aur\u00e9lio (Alexandre Nero).<\/li>\n<\/ul>\n<p><img loading=\"lazy\" decoding=\"async\" width=\"1200\" height=\"540\" src=\"https:\/\/www.europesays.com\/pt\/wp-content\/uploads\/2025\/10\/suspeitos-morte-odete-vale-tudo.jpg\" alt=\"suspeitos morte odete vale tudo\" class=\"wp-image-21640\"  \/>Imagens: Globo<\/p>\n<p>J\u00e1 sabemos quem matou Odete Roitman?<\/p>\n<p>Alguns trechos do roteiro vazaram na imprensa e podem indicar quem deu cabo da megera. De acordo com a colunista Carla Bittencourt, do portal Leo Dias, Heleninha (Paolla Oliveira) vai at\u00e9 a delegacia confessar o crime, mas a tia Celina (Malu Galli) interv\u00e9m e diz que foi ela quem matou Odete.<\/p>\n<p>Heleninha, uma alcoolista em recupera\u00e7\u00e3o, estava em uma reca\u00edda no dia da morte de Odete. Ela perdeu parte da mem\u00f3ria, mas tem lapsos que a fazem acreditar que pode ter sido respons\u00e1vel pela morte da m\u00e3e. Para proteger a sobrinha, Celina fez que Heleninha estava em surto alco\u00f3lico e diz que foi ela quem matou a pr\u00f3pria irm\u00e3.<\/p>\n<p>Tamb\u00e9m j\u00e1 sabemos que os agentes v\u00e3o encontrar as digitais das duas mulheres na arma do crime, mas eles v\u00e3o continuar em d\u00favida se Celina foi realmente a respons\u00e1vel.<\/p>\n<p>Que dia vamos descobrir quem matou Odete Roitman?<\/p>\n<p>S\u00f3 vamos descobrir a resposta definitiva do mist\u00e9rio no \u00faltimo cap\u00edtulo da trama, que vai ao ar na sexta-feira que vem, no dia 17 de outubro. A novela das nove ser\u00e1 substitu\u00edda por Tr\u00eas Gra\u00e7as, do autor Aguinaldo Silva e com dire\u00e7\u00e3o art\u00edstica de Luiz Henrique Rios.<\/p>\n","protected":false},"excerpt":{"rendered":"Mesmo quem n\u00e3o assiste \u00e0 novela Vale Tudo, provavelmente viu alguma postagem ou conversa na rua com teorias&hellip;\n","protected":false},"author":2,"featured_media":104952,"comment_status":"","ping_status":"","sticky":false,"template":"","format":"standard","meta":{"footnotes":""},"categories":[142],"tags":[114,115,32,33,151],"class_list":{"0":"post-104951","1":"post","2":"type-post","3":"status-publish","4":"format-standard","5":"has-post-thumbnail","7":"category-tv","8":"tag-entertainment","9":"tag-entretenimento","10":"tag-portugal","11":"tag-pt","12":"tag-tv"},"share_on_mastodon":{"url":"","error":""},"_links":{"self":[{"href":"https:\/\/www.europesays.com\/pt\/wp-json\/wp\/v2\/posts\/104951","targetHints":{"allow":["GET"]}}],"collection":[{"href":"https:\/\/www.europesays.com\/pt\/wp-json\/wp\/v2\/posts"}],"about":[{"href":"https:\/\/www.europesays.com\/pt\/wp-json\/wp\/v2\/types\/post"}],"author":[{"embeddable":true,"href":"https:\/\/www.europesays.com\/pt\/wp-json\/wp\/v2\/users\/2"}],"replies":[{"embeddable":true,"href":"https:\/\/www.europesays.com\/pt\/wp-json\/wp\/v2\/comments?post=104951"}],"version-history":[{"count":0,"href":"https:\/\/www.europesays.com\/pt\/wp-json\/wp\/v2\/posts\/104951\/revisions"}],"wp:featuredmedia":[{"embeddable":true,"href":"https:\/\/www.europesays.com\/pt\/wp-json\/wp\/v2\/media\/104952"}],"wp:attachment":[{"href":"https:\/\/www.europesays.com\/pt\/wp-json\/wp\/v2\/media?parent=104951"}],"wp:term":[{"taxonomy":"category","embeddable":true,"href":"https:\/\/www.europesays.com\/pt\/wp-json\/wp\/v2\/categories?post=104951"},{"taxonomy":"post_tag","embeddable":true,"href":"https:\/\/www.europesays.com\/pt\/wp-json\/wp\/v2\/tags?post=104951"}],"curies":[{"name":"wp","href":"https:\/\/api.w.org\/{rel}","templated":true}]}}