{"id":104963,"date":"2025-10-10T13:05:18","date_gmt":"2025-10-10T13:05:18","guid":{"rendered":"https:\/\/www.europesays.com\/pt\/104963\/"},"modified":"2025-10-10T13:05:18","modified_gmt":"2025-10-10T13:05:18","slug":"flores-desabrocharam-no-deserto-do-atacama-um-dos-lugares-mais-secos-do-mundo-america-do-sul","status":"publish","type":"post","link":"https:\/\/www.europesays.com\/pt\/104963\/","title":{"rendered":"Flores desabrocharam no deserto do Atacama, um dos lugares mais secos do mundo | Am\u00e9rica do Sul"},"content":{"rendered":"<p>Flores desabrocharam num dos lugares mais secos do mundo \u2014 o deserto do Atacama, no Chile \u2014, <a href=\"https:\/\/apnews.com\/article\/desert-chile-atacama-bloom-gabriel-boric-84e53ea84702abfb2f6c93c4970ebad5\" target=\"_blank\" rel=\"nofollow noopener\">noticiou a Associated Press<\/a> (AP) na quarta-feira. O raro fen\u00f3meno do &#8220;deserto florido&#8221; ocorre apenas em anos de chuvas muito intensas, quando mais de 200 esp\u00e9cies de flores silvestres emergem no solo \u00e1rido.<\/p>\n<p>&#8220;O deserto n\u00e3o polar (regi\u00f5es sem gelo) mais seco da Terra, com uma m\u00e9dia de cerca de dois mil\u00edmetros de chuva por ano, teve uma explos\u00e3o de cores esta semana, ap\u00f3s as chuvas torrenciais invulgares durante os meses de Inverno do Hemisf\u00e9rio Sul, que encharcaram o solo e as terras altas do deserto&#8221;, relata a AP.<\/p>\n<p>O rosa-choque e o roxo s\u00e3o as cores da maioria das flores silvestres que desabrocharam no <a href=\"https:\/\/www.publico.pt\/2022\/08\/26\/azul\/noticia\/deserto-atacama-preparase-receber-flores-2018267\" rel=\"nofollow noopener\" target=\"_blank\">deserto<\/a>, mas o amarelo, o vermelho, o azul e o branco tamb\u00e9m s\u00e3o vis\u00edveis na flora\u00e7\u00e3o. No deserto do Atacama, permanecem sementes de mais de 200 esp\u00e9cies de flores no solo vermelho e rochoso durante todo o ano, aguardando as chuvas de inverno, segundo o curador principal de bot\u00e2nica do Museu Nacional de Hist\u00f3ria Natural do Chile, V\u00edctor Ardiles.<\/p>\n<p>&#8220;Quando s\u00e3o atingidos certos limites de humidade, (as sementes) activam-se, crescem e florescem&#8221;, indicou Ardiles, destacando que mesmo assim, n\u00e3o h\u00e1 garantia de que as plantas coloridas cres\u00e7am no solo.<\/p>\n<p>Os especialistas descreveram 2025 como um dos anos mais chuvosos do Atacama nos \u00faltimos anos, com algumas zonas fronteiri\u00e7as a grandes altitudes a receberem at\u00e9 60 mil\u00edmetros de chuva em Julho e Agosto.<\/p>\n<p>A humidade da bacia amaz\u00f3nica chega \u00e0 zona leste do deserto sob a forma de chuvas moderadas, enquanto a humidade do Oceano Pac\u00edfico chega \u00e0 costa como neblina densa. Ardiles disse tamb\u00e9m que nem todas as sementes crescem e que algumas podem florescer na gera\u00e7\u00e3o seguinte, sublinhando que &#8220;outras ser\u00e3o deixadas para tr\u00e1s ao longo do caminho da vida.&#8221;<\/p>\n<p>A maioria das flores vai desaparecer em Novembro, com a chegada do Ver\u00e3o, no Chile, mas as esp\u00e9cies mais resistentes \u00e0 seca podem permanecer at\u00e9 Janeiro.<\/p>\n<p>        &#13;<\/p>\n<p>&#13;<br \/>\n                &#13;\n            <\/p>\n<p>&#13;<\/p>\n<p>Os turistas encheram o deserto do norte nos \u00faltimos dias para ver a breve exposi\u00e7\u00e3o de flores. Alguns visitantes viajaram da capital do Chile, Santiago, a 800 quil\u00f3metros a sul da regi\u00e3o de Copiap\u00f3 (cidade no deserto de Atacama) para ver a flora\u00e7\u00e3o. &#8220;\u00c9 uma daquelas coisas raras que \u00e9 preciso aproveitar&#8221;, disse uma das visitantes, Maritza Barrera, que levou os dois filhos e viajou durante cinco horas para ver a flora\u00e7\u00e3o.<\/p>\n<p>Para o Presidente do Chile, <a href=\"https:\/\/www.publico.pt\/2025\/08\/23\/mundo\/noticia\/comunista-filho-nazi-sao-favoritos-eleicoes-chile-2144792\" rel=\"nofollow noopener\" target=\"_blank\">Gabriel Boric<\/a>, as flores com pouca dura\u00e7\u00e3o do deserto s\u00e3o uma prioridade de conserva\u00e7\u00e3o, destacando a constru\u00e7\u00e3o do Parque Nacional Flor do Deserto, em 2023, com uma extens\u00e3o de 570 quil\u00f3metros.<\/p>\n","protected":false},"excerpt":{"rendered":"Flores desabrocharam num dos lugares mais secos do mundo \u2014 o deserto do Atacama, no Chile \u2014, noticiou&hellip;\n","protected":false},"author":2,"featured_media":104964,"comment_status":"","ping_status":"","sticky":false,"template":"","format":"standard","meta":{"footnotes":""},"categories":[50],"tags":[1126,785,27,28,15520,25296,15,16,14,25,26,21,22,62,12,13,19,20,542,23,24,17,18,29,30,31,63,64,65],"class_list":{"0":"post-104963","1":"post","2":"type-post","3":"status-publish","4":"format-standard","5":"has-post-thumbnail","7":"category-mundo","8":"tag-america-do-sul","9":"tag-azul","10":"tag-breaking-news","11":"tag-breakingnews","12":"tag-chile","13":"tag-deserto-do-atacama","14":"tag-featured-news","15":"tag-featurednews","16":"tag-headlines","17":"tag-latest-news","18":"tag-latestnews","19":"tag-main-news","20":"tag-mainnews","21":"tag-mundo","22":"tag-news","23":"tag-noticias","24":"tag-noticias-principais","25":"tag-noticiasprincipais","26":"tag-para-redes","27":"tag-principais-noticias","28":"tag-principaisnoticias","29":"tag-top-stories","30":"tag-topstories","31":"tag-ultimas","32":"tag-ultimas-noticias","33":"tag-ultimasnoticias","34":"tag-world","35":"tag-world-news","36":"tag-worldnews"},"share_on_mastodon":{"url":"","error":""},"_links":{"self":[{"href":"https:\/\/www.europesays.com\/pt\/wp-json\/wp\/v2\/posts\/104963","targetHints":{"allow":["GET"]}}],"collection":[{"href":"https:\/\/www.europesays.com\/pt\/wp-json\/wp\/v2\/posts"}],"about":[{"href":"https:\/\/www.europesays.com\/pt\/wp-json\/wp\/v2\/types\/post"}],"author":[{"embeddable":true,"href":"https:\/\/www.europesays.com\/pt\/wp-json\/wp\/v2\/users\/2"}],"replies":[{"embeddable":true,"href":"https:\/\/www.europesays.com\/pt\/wp-json\/wp\/v2\/comments?post=104963"}],"version-history":[{"count":0,"href":"https:\/\/www.europesays.com\/pt\/wp-json\/wp\/v2\/posts\/104963\/revisions"}],"wp:featuredmedia":[{"embeddable":true,"href":"https:\/\/www.europesays.com\/pt\/wp-json\/wp\/v2\/media\/104964"}],"wp:attachment":[{"href":"https:\/\/www.europesays.com\/pt\/wp-json\/wp\/v2\/media?parent=104963"}],"wp:term":[{"taxonomy":"category","embeddable":true,"href":"https:\/\/www.europesays.com\/pt\/wp-json\/wp\/v2\/categories?post=104963"},{"taxonomy":"post_tag","embeddable":true,"href":"https:\/\/www.europesays.com\/pt\/wp-json\/wp\/v2\/tags?post=104963"}],"curies":[{"name":"wp","href":"https:\/\/api.w.org\/{rel}","templated":true}]}}