{"id":104972,"date":"2025-10-10T13:15:08","date_gmt":"2025-10-10T13:15:08","guid":{"rendered":"https:\/\/www.europesays.com\/pt\/104972\/"},"modified":"2025-10-10T13:15:08","modified_gmt":"2025-10-10T13:15:08","slug":"andradina-participa-do-dia-d-de","status":"publish","type":"post","link":"https:\/\/www.europesays.com\/pt\/104972\/","title":{"rendered":"Andradina participa do \u201cDia D\u201d de&#8230;"},"content":{"rendered":"<p>                                            No pr\u00f3ximo <strong>s\u00e1bado (18)<\/strong>, Andradina se junta \u00e0 mobiliza\u00e7\u00e3o estadual do <strong>\u201cDia D\u201d de Vacina\u00e7\u00e3o<\/strong>, promovido pelo <strong>Governo de S\u00e3o Paulo<\/strong>. A a\u00e7\u00e3o tem como objetivo <strong>ampliar a cobertura vacinal<\/strong>, prevenir surtos de doen\u00e7as e refor\u00e7ar o compromisso com a <strong>sa\u00fade p\u00fablica<\/strong> em todo o estado.<\/p>\n<p>Na cidade, todas as <strong>unidades de sa\u00fade<\/strong> estar\u00e3o abertas das <strong>8h \u00e0s 16h<\/strong>, oferecendo vacinas do <strong>calend\u00e1rio b\u00e1sico<\/strong>, como as de <strong>gripe (influenza), sarampo, poliomielite<\/strong>, entre outras. A campanha \u00e9 voltada principalmente para <strong>crian\u00e7as, adolescentes, gestantes, idosos<\/strong> e <strong>grupos de risco<\/strong>, mas est\u00e1 aberta a todas as faixas et\u00e1rias. Tamb\u00e9m vai haver dois postos de vacina\u00e7\u00e3o m\u00f3veis, instalados na rua Para\u00edba, em frente ao Andradina T\u00eanis Clube, e no Shopping Oeste Plaza.<\/p>\n<p>A <strong>Secretaria Municipal de Sa\u00fade<\/strong> destaca a import\u00e2ncia da participa\u00e7\u00e3o da popula\u00e7\u00e3o e lembra que a vacina\u00e7\u00e3o \u00e9 a maneira mais eficaz de <strong>evitar complica\u00e7\u00f5es e mortes causadas por doen\u00e7as evit\u00e1veis<\/strong>. Al\u00e9m das vacinas, as unidades tamb\u00e9m estar\u00e3o realizando <strong>orienta\u00e7\u00f5es de sa\u00fade<\/strong> e <strong>atualiza\u00e7\u00e3o do cart\u00e3o vacinal<\/strong>. Nos postos volantes tamb\u00e9m acontece a vacina contra o HPV.<\/p>\n<p>Essa mobiliza\u00e7\u00e3o integra uma s\u00e9rie de a\u00e7\u00f5es realizadas simultaneamente em diversas cidades paulistas, com o objetivo de <strong>superar barreiras de acesso<\/strong> e <strong>combater a hesita\u00e7\u00e3o vacinal<\/strong>. O movimento tamb\u00e9m complementa campanhas nacionais e chega em um momento de aten\u00e7\u00e3o redobrada, devido ao aumento de casos de doen\u00e7as que poderiam ser evitadas com imuniza\u00e7\u00e3o.<br \/>&#13;<br \/>\n\u00a0<br \/>&#13;<br \/>\n<strong>UBS<\/strong>&#13;\n<\/p>\n<ul>&#13;<\/p>\n<li><strong>UBS Vila Mineira<\/strong>\u00a0\u2013 Rua Iguassu, n\u00ba 1195, Vila Mineira<\/li>\n<p>&#13;<\/p>\n<li><strong>UBS Santa Cec\u00edlia<\/strong>\u00a0\u2013 Rua Presidente Dutra, n\u00ba 387, Jd. Santa Cec\u00edlia<\/li>\n<p>&#13;<\/p>\n<li><strong>Centro de Sa\u00fade I (Antigo PAM)<\/strong>\u00a0\u2013 Rua Paes Leme, n\u00ba 145, Centro<\/li>\n<p>&#13;<\/p>\n<li><strong>UBS Adilson Dantas da Silva<\/strong>\u00a0\u2013 Rua Jean Bernard, n\u00ba 691, Jd. Europa<\/li>\n<p>&#13;<\/p>\n<li><strong>UBS Norte<\/strong>\u00a0\u2013 Rua Itar Takatsu, n\u00ba 115, Jd. das Tulipas<\/li>\n<p>&#13;<\/p>\n<li><strong>UBS Dr. Eduardo Henrique Francisquini Char (Benfica)<\/strong>\u00a0\u2013 Rua Monsenhor Vitor Assuite, n\u00ba 2004, Benfica<\/li>\n<p>&#13;\n<\/ul>\n<p>\u00a0<br \/>\n\u00a0                                        <\/p>\n","protected":false},"excerpt":{"rendered":"No pr\u00f3ximo s\u00e1bado (18), Andradina se junta \u00e0 mobiliza\u00e7\u00e3o estadual do \u201cDia D\u201d de Vacina\u00e7\u00e3o, promovido pelo Governo&hellip;\n","protected":false},"author":2,"featured_media":104973,"comment_status":"","ping_status":"","sticky":false,"template":"","format":"standard","meta":{"footnotes":""},"categories":[86],"tags":[116,32,33,117],"class_list":{"0":"post-104972","1":"post","2":"type-post","3":"status-publish","4":"format-standard","5":"has-post-thumbnail","7":"category-saude","8":"tag-health","9":"tag-portugal","10":"tag-pt","11":"tag-saude"},"share_on_mastodon":{"url":"","error":""},"_links":{"self":[{"href":"https:\/\/www.europesays.com\/pt\/wp-json\/wp\/v2\/posts\/104972","targetHints":{"allow":["GET"]}}],"collection":[{"href":"https:\/\/www.europesays.com\/pt\/wp-json\/wp\/v2\/posts"}],"about":[{"href":"https:\/\/www.europesays.com\/pt\/wp-json\/wp\/v2\/types\/post"}],"author":[{"embeddable":true,"href":"https:\/\/www.europesays.com\/pt\/wp-json\/wp\/v2\/users\/2"}],"replies":[{"embeddable":true,"href":"https:\/\/www.europesays.com\/pt\/wp-json\/wp\/v2\/comments?post=104972"}],"version-history":[{"count":0,"href":"https:\/\/www.europesays.com\/pt\/wp-json\/wp\/v2\/posts\/104972\/revisions"}],"wp:featuredmedia":[{"embeddable":true,"href":"https:\/\/www.europesays.com\/pt\/wp-json\/wp\/v2\/media\/104973"}],"wp:attachment":[{"href":"https:\/\/www.europesays.com\/pt\/wp-json\/wp\/v2\/media?parent=104972"}],"wp:term":[{"taxonomy":"category","embeddable":true,"href":"https:\/\/www.europesays.com\/pt\/wp-json\/wp\/v2\/categories?post=104972"},{"taxonomy":"post_tag","embeddable":true,"href":"https:\/\/www.europesays.com\/pt\/wp-json\/wp\/v2\/tags?post=104972"}],"curies":[{"name":"wp","href":"https:\/\/api.w.org\/{rel}","templated":true}]}}