{"id":104984,"date":"2025-10-10T13:26:17","date_gmt":"2025-10-10T13:26:17","guid":{"rendered":"https:\/\/www.europesays.com\/pt\/104984\/"},"modified":"2025-10-10T13:26:17","modified_gmt":"2025-10-10T13:26:17","slug":"barbara-parada-e-francisco-monteiro-vao-dar-novo-passo-na-relacao-esta-para-breve","status":"publish","type":"post","link":"https:\/\/www.europesays.com\/pt\/104984\/","title":{"rendered":"B\u00e1rbara Parada e Francisco Monteiro v\u00e3o dar novo passo na rela\u00e7\u00e3o: &#8220;Est\u00e1 para breve&#8221;"},"content":{"rendered":"<p>Francisco Monteiro e <a href=\"https:\/\/selfie.iol.pt\/famosos\/francisco-monteiro\/francisco-monteiro-despede-se-de-barbara-parada-veja-a-imagem\/20251007\/68e4c3b4d34e58bc6796982e\" target=\"_blank\" rel=\"nofollow noopener\">B\u00e1rbara Parada<\/a> ainda n\u00e3o vivem juntos, mas esse cen\u00e1rio vai mudar nos pr\u00f3ximos tempos.<\/p>\n<p>Numa sess\u00e3o de perguntas e respostas com os seguidores do Instagram, um f\u00e3 do comentador da nona edi\u00e7\u00e3o do reality show da <a href=\"https:\/\/tvi.iol.pt\/\" target=\"_blank\" rel=\"nofollow noopener\">TVI<\/a> &#8220;<a href=\"https:\/\/tvi.iol.pt\/secretstory\/\" target=\"_blank\" rel=\"nofollow noopener\">Secret Story<\/a> &#8211; Casa dos Segredos&#8221; questionou sobre se os dois &#8220;pensam em morar juntos futuramente&#8221;.<\/p>\n<p>&#8220;Sim. Est\u00e1 para breve. Assim, posso ficar \u00e0 espera dela (como em todas as ocasi\u00f5es), mas agora mais juntinhos&#8221;, contou Francisco Monteiro, mais conhecido como Zaza, completando com um emoji de gargalhadas.<\/p>\n<p>Veja, agora, na galeria que prepar\u00e1mos para si, esta e outras respostas de <a href=\"https:\/\/selfie.iol.pt\/famosos\/francisco-monteiro\/secret-story-francisco-monteiro-avisa-dylan-espero-bem-que-nao-seja\/20251009\/68e76ac5d34e58bc6796adff\" target=\"_blank\" rel=\"nofollow noopener\">Francisco Monteiro<\/a> a perguntas de f\u00e3s.<\/p>\n<p>\u00a0<\/p>\n","protected":false},"excerpt":{"rendered":"Francisco Monteiro e B\u00e1rbara Parada ainda n\u00e3o vivem juntos, mas esse cen\u00e1rio vai mudar nos pr\u00f3ximos tempos. Numa&hellip;\n","protected":false},"author":2,"featured_media":104985,"comment_status":"","ping_status":"","sticky":false,"template":"","format":"standard","meta":{"footnotes":""},"categories":[142],"tags":[2151,2632,13471,13933,114,115,980,2071,1015,619,32,33,1014,1315,6985,16687,16686,1012,6986,16688,151,162,12181],"class_list":{"0":"post-104984","1":"post","2":"type-post","3":"status-publish","4":"format-standard","5":"has-post-thumbnail","7":"category-tv","8":"tag-barbara-parada","9":"tag-casa-dos-segredos","10":"tag-casa-dos-segredos-9","11":"tag-comentador","12":"tag-entertainment","13":"tag-entretenimento","14":"tag-famosos","15":"tag-francisco-monteiro","16":"tag-instagram","17":"tag-nacional","18":"tag-portugal","19":"tag-pt","20":"tag-reality-show","21":"tag-secret-story","22":"tag-secret-story-casa-dos-segredos","23":"tag-secret-story-casa-dos-segredos-9","24":"tag-secret-story-9","25":"tag-selfie","26":"tag-ss","27":"tag-ss9","28":"tag-tv","29":"tag-tvi","30":"tag-zaza"},"share_on_mastodon":{"url":"","error":""},"_links":{"self":[{"href":"https:\/\/www.europesays.com\/pt\/wp-json\/wp\/v2\/posts\/104984","targetHints":{"allow":["GET"]}}],"collection":[{"href":"https:\/\/www.europesays.com\/pt\/wp-json\/wp\/v2\/posts"}],"about":[{"href":"https:\/\/www.europesays.com\/pt\/wp-json\/wp\/v2\/types\/post"}],"author":[{"embeddable":true,"href":"https:\/\/www.europesays.com\/pt\/wp-json\/wp\/v2\/users\/2"}],"replies":[{"embeddable":true,"href":"https:\/\/www.europesays.com\/pt\/wp-json\/wp\/v2\/comments?post=104984"}],"version-history":[{"count":0,"href":"https:\/\/www.europesays.com\/pt\/wp-json\/wp\/v2\/posts\/104984\/revisions"}],"wp:featuredmedia":[{"embeddable":true,"href":"https:\/\/www.europesays.com\/pt\/wp-json\/wp\/v2\/media\/104985"}],"wp:attachment":[{"href":"https:\/\/www.europesays.com\/pt\/wp-json\/wp\/v2\/media?parent=104984"}],"wp:term":[{"taxonomy":"category","embeddable":true,"href":"https:\/\/www.europesays.com\/pt\/wp-json\/wp\/v2\/categories?post=104984"},{"taxonomy":"post_tag","embeddable":true,"href":"https:\/\/www.europesays.com\/pt\/wp-json\/wp\/v2\/tags?post=104984"}],"curies":[{"name":"wp","href":"https:\/\/api.w.org\/{rel}","templated":true}]}}