{"id":104988,"date":"2025-10-10T13:29:15","date_gmt":"2025-10-10T13:29:15","guid":{"rendered":"https:\/\/www.europesays.com\/pt\/104988\/"},"modified":"2025-10-10T13:29:15","modified_gmt":"2025-10-10T13:29:15","slug":"nuno-dias-sobre-o-derbi-sao-sempre-jogos-imprevisiveis","status":"publish","type":"post","link":"https:\/\/www.europesays.com\/pt\/104988\/","title":{"rendered":"Nuno Dias sobre o d\u00e9rbi: \u00abS\u00e3o sempre jogos imprevis\u00edveis\u00bb"},"content":{"rendered":"<p>Joga-se este s\u00e1bado, \u00e0s 16h00, no Pavilh\u00e3o da Luz, um sempre escaldante d\u00e9rbi de futsal entre <a target=\"_blank\" class=\"editor-link autolink-enabled\" href=\"https:\/\/www.abola.pt\/futebol\/benfica-450\" data-resource-id=\"450\" data-resource-type=\"team\" data-sport=\"football\" rel=\"nofollow noopener\">Benfica<\/a> e <a target=\"_blank\" class=\"editor-link autolink-enabled\" href=\"https:\/\/www.abola.pt\/futebol\/sporting-448\" data-resource-id=\"448\" data-resource-type=\"team\" data-sport=\"football\" rel=\"nofollow noopener\">Sporting<\/a>. \u00c0 margem do Portugal Football Summit, que decorre na Cidade do Futebol, em Caxias, o treinador dos le\u00f5es, Nuno Dias, fez uma antevis\u00e3o ao jogo.<\/p>\n<p>\u00abOs d\u00e9rbis s\u00e3o sempre jogos imprevis\u00edveis, jogos em que o aspeto emocional muitas vezes ultrapassa aquilo que s\u00e3o os aspetos t\u00e9cnico-t\u00e1ticos. Jogos muito equilibrados, por vezes poder\u00e3o, em alguns momentos, disparar no resultado como aconteceu na Superta\u00e7a, mas n\u00e3o quer dizer que n\u00e3o tenha sido um jogo equilibrado\u00bb, come\u00e7ou por dizer, em declara\u00e7\u00f5es \u00e0 Sport TV.<\/p>\n<p>\u00abO resultado \u00e9 imprevis\u00edvel, como \u00e9 em todos os d\u00e9rbis, seja em que modalidade for, no futsal, no futebol, no h\u00f3quei, no basquetebol, h\u00e1 de ser sempre assim. \u00c9 sempre uma emo\u00e7\u00e3o e cabe-nos a n\u00f3s, treinadores, gerir essas emo\u00e7\u00f5es e ser o mais racional possivel naqueles momentos em que as coisas s\u00e3o mais dif\u00edceis, mas \u00e9 esse o nosso papel, ajudar os jogadores.\u00bb<\/p>\n","protected":false},"excerpt":{"rendered":"Joga-se este s\u00e1bado, \u00e0s 16h00, no Pavilh\u00e3o da Luz, um sempre escaldante d\u00e9rbi de futsal entre Benfica e&hellip;\n","protected":false},"author":2,"featured_media":104989,"comment_status":"","ping_status":"","sticky":false,"template":"","format":"standard","meta":{"footnotes":""},"categories":[87],"tags":[135,32,33,134],"class_list":{"0":"post-104988","1":"post","2":"type-post","3":"status-publish","4":"format-standard","5":"has-post-thumbnail","7":"category-desporto","8":"tag-desporto","9":"tag-portugal","10":"tag-pt","11":"tag-sports"},"share_on_mastodon":{"url":"","error":""},"_links":{"self":[{"href":"https:\/\/www.europesays.com\/pt\/wp-json\/wp\/v2\/posts\/104988","targetHints":{"allow":["GET"]}}],"collection":[{"href":"https:\/\/www.europesays.com\/pt\/wp-json\/wp\/v2\/posts"}],"about":[{"href":"https:\/\/www.europesays.com\/pt\/wp-json\/wp\/v2\/types\/post"}],"author":[{"embeddable":true,"href":"https:\/\/www.europesays.com\/pt\/wp-json\/wp\/v2\/users\/2"}],"replies":[{"embeddable":true,"href":"https:\/\/www.europesays.com\/pt\/wp-json\/wp\/v2\/comments?post=104988"}],"version-history":[{"count":0,"href":"https:\/\/www.europesays.com\/pt\/wp-json\/wp\/v2\/posts\/104988\/revisions"}],"wp:featuredmedia":[{"embeddable":true,"href":"https:\/\/www.europesays.com\/pt\/wp-json\/wp\/v2\/media\/104989"}],"wp:attachment":[{"href":"https:\/\/www.europesays.com\/pt\/wp-json\/wp\/v2\/media?parent=104988"}],"wp:term":[{"taxonomy":"category","embeddable":true,"href":"https:\/\/www.europesays.com\/pt\/wp-json\/wp\/v2\/categories?post=104988"},{"taxonomy":"post_tag","embeddable":true,"href":"https:\/\/www.europesays.com\/pt\/wp-json\/wp\/v2\/tags?post=104988"}],"curies":[{"name":"wp","href":"https:\/\/api.w.org\/{rel}","templated":true}]}}