{"id":10500,"date":"2025-07-31T17:49:11","date_gmt":"2025-07-31T17:49:11","guid":{"rendered":"https:\/\/www.europesays.com\/pt\/10500\/"},"modified":"2025-07-31T17:49:11","modified_gmt":"2025-07-31T17:49:11","slug":"claudia-raia-avalia-gravidez-na-menopausa-fui-inconsequente-daniel-nascimento","status":"publish","type":"post","link":"https:\/\/www.europesays.com\/pt\/10500\/","title":{"rendered":"Claudia Raia avalia gravidez na menopausa: &#8216;Fui inconsequente&#8217; | Daniel Nascimento"},"content":{"rendered":"<p>A atriz Claudia Raia \u00e9 m\u00e3e de Enzo Celulari, de 28 anos, Sophia Raia, de 22, e tamb\u00e9m do pequeno Luca, de apenas 2 anos, fruto de seu relacionamento com o tamb\u00e9m ator Jarbas Homem de Mello. A \u00faltima gesta\u00e7\u00e3o da artista aconteceu de forma natural, quando ela j\u00e1 tinha 55 anos de idade e j\u00e1 estava na menopausa.<\/p>\n<p>Durante a participa\u00e7\u00e3o no programa Saia Justa, do GNT, exibido na \u00faltima quarta-feira (30), a dan\u00e7arina avaliou a forma como sua terceira gravidez aconteceu. &#8220;Fui muito inconsequente&#8221;, disse ela. A ex-global ent\u00e3o explicou que esse processo deveria ter sido feito por meio de fertiliza\u00e7\u00e3o in vitro ou insemina\u00e7\u00e3o artificial, tendo em vista que, por conta da idade, a fecunda\u00e7\u00e3o de forma natural passa a ser considerada arriscada pelos m\u00e9dicos.<\/p>\n<p>Raia tamb\u00e9m contou que chegou a passar por tais processos, mas que acabaram n\u00e3o dando certo. Apesar disso, o organismo dela conseguiu produzir um \u00f3vulo, e foi assim que ela conseguiu engravidar pela terceira vez. &#8220;Eu fui muito inconsequente. Hoje eu consigo ver. Uma gravidez aos 55, que era para ser FIV, insemina\u00e7\u00e3o, n\u00e3o rolou. Os horm\u00f4nios que tomei deram um boost no meu organismo. Engravidei naturalmente, ovulei j\u00e1 na menopausa. Isso \u00e9 raro? \u00c9&#8221;, disse.<\/p>\n<p>No entanto, apesar dos riscos, a atriz revelou que n\u00e3o se arrepende de nada do que aconteceu durante esse processo. &#8220;Mas que bom que sou inconsequente, que tive coragem. E que dose de coragem! N\u00e3o me arrependo um minuto por ter decidido isso&#8221;, declarou.<\/p>\n","protected":false},"excerpt":{"rendered":"A atriz Claudia Raia \u00e9 m\u00e3e de Enzo Celulari, de 28 anos, Sophia Raia, de 22, e tamb\u00e9m&hellip;\n","protected":false},"author":2,"featured_media":10501,"comment_status":"","ping_status":"","sticky":false,"template":"","format":"standard","meta":{"footnotes":""},"categories":[145],"tags":[211,210,4517,114,115,4346,1041,4561,4562,4560,32,33,4347],"class_list":{"0":"post-10500","1":"post","2":"type-post","3":"status-publish","4":"format-standard","5":"has-post-thumbnail","7":"category-celebridades","8":"tag-celebridades","9":"tag-celebrities","10":"tag-claudia-raia","11":"tag-entertainment","12":"tag-entretenimento","13":"tag-gnt","14":"tag-gravidez","15":"tag-jarbas-homem-de-mello","16":"tag-luca","17":"tag-menopausa","18":"tag-portugal","19":"tag-pt","20":"tag-saia-justa"},"share_on_mastodon":{"url":"","error":""},"_links":{"self":[{"href":"https:\/\/www.europesays.com\/pt\/wp-json\/wp\/v2\/posts\/10500","targetHints":{"allow":["GET"]}}],"collection":[{"href":"https:\/\/www.europesays.com\/pt\/wp-json\/wp\/v2\/posts"}],"about":[{"href":"https:\/\/www.europesays.com\/pt\/wp-json\/wp\/v2\/types\/post"}],"author":[{"embeddable":true,"href":"https:\/\/www.europesays.com\/pt\/wp-json\/wp\/v2\/users\/2"}],"replies":[{"embeddable":true,"href":"https:\/\/www.europesays.com\/pt\/wp-json\/wp\/v2\/comments?post=10500"}],"version-history":[{"count":0,"href":"https:\/\/www.europesays.com\/pt\/wp-json\/wp\/v2\/posts\/10500\/revisions"}],"wp:featuredmedia":[{"embeddable":true,"href":"https:\/\/www.europesays.com\/pt\/wp-json\/wp\/v2\/media\/10501"}],"wp:attachment":[{"href":"https:\/\/www.europesays.com\/pt\/wp-json\/wp\/v2\/media?parent=10500"}],"wp:term":[{"taxonomy":"category","embeddable":true,"href":"https:\/\/www.europesays.com\/pt\/wp-json\/wp\/v2\/categories?post=10500"},{"taxonomy":"post_tag","embeddable":true,"href":"https:\/\/www.europesays.com\/pt\/wp-json\/wp\/v2\/tags?post=10500"}],"curies":[{"name":"wp","href":"https:\/\/api.w.org\/{rel}","templated":true}]}}