{"id":105004,"date":"2025-10-10T13:42:13","date_gmt":"2025-10-10T13:42:13","guid":{"rendered":"https:\/\/www.europesays.com\/pt\/105004\/"},"modified":"2025-10-10T13:42:13","modified_gmt":"2025-10-10T13:42:13","slug":"a-mulher-na-cabine-10-e-combo-de-misterio-e-ansiedade","status":"publish","type":"post","link":"https:\/\/www.europesays.com\/pt\/105004\/","title":{"rendered":"&#8216;A Mulher na Cabine 10&#8217; \u00e9 combo de mist\u00e9rio e ansiedade"},"content":{"rendered":"<p>&#8216;A Mulher na Cabine 10&#8217; estreia na Netflix nesta sexta-feira (10) com a promessa de segurar o espectador do in\u00edcio ao fim do filme.\u00a0 Baseado no livro de mesmo nome da escritora Ruth Ware, uma especialista em suspense psicol\u00f3gico, a trama gira em torno de uma jornalista traumatizada, que vive \u00e0 base de rem\u00e9dios, e testemunha um crime a bordo do luxuoso Aurora Boreal.<\/p>\n<p>S\u00f3 que ningu\u00e9m acredita nela, e fazem de tudo para que a pr\u00f3pria mulher comece a duvidar de sua sanidade. Keira Knightley (&#8220;Black Doves&#8221;) estrela o suspense, ao lado de Guy Pearce. Ser\u00e1 que esse thriller \u00e9 baseado em uma hist\u00f3ria real? O Topstreaming de hoje responde a essa pergunta, \u00e9 s\u00f3 dar play.<\/p>\n","protected":false},"excerpt":{"rendered":"&#8216;A Mulher na Cabine 10&#8217; estreia na Netflix nesta sexta-feira (10) com a promessa de segurar o espectador&hellip;\n","protected":false},"author":2,"featured_media":105005,"comment_status":"","ping_status":"","sticky":false,"template":"","format":"standard","meta":{"footnotes":""},"categories":[140],"tags":[114,115,147,148,23711,146,716,32,33],"class_list":{"0":"post-105004","1":"post","2":"type-post","3":"status-publish","4":"format-standard","5":"has-post-thumbnail","7":"category-filmes","8":"tag-entertainment","9":"tag-entretenimento","10":"tag-film","11":"tag-filmes","12":"tag-keira-knightley","13":"tag-movies","14":"tag-netflix","15":"tag-portugal","16":"tag-pt"},"share_on_mastodon":{"url":"","error":""},"_links":{"self":[{"href":"https:\/\/www.europesays.com\/pt\/wp-json\/wp\/v2\/posts\/105004","targetHints":{"allow":["GET"]}}],"collection":[{"href":"https:\/\/www.europesays.com\/pt\/wp-json\/wp\/v2\/posts"}],"about":[{"href":"https:\/\/www.europesays.com\/pt\/wp-json\/wp\/v2\/types\/post"}],"author":[{"embeddable":true,"href":"https:\/\/www.europesays.com\/pt\/wp-json\/wp\/v2\/users\/2"}],"replies":[{"embeddable":true,"href":"https:\/\/www.europesays.com\/pt\/wp-json\/wp\/v2\/comments?post=105004"}],"version-history":[{"count":0,"href":"https:\/\/www.europesays.com\/pt\/wp-json\/wp\/v2\/posts\/105004\/revisions"}],"wp:featuredmedia":[{"embeddable":true,"href":"https:\/\/www.europesays.com\/pt\/wp-json\/wp\/v2\/media\/105005"}],"wp:attachment":[{"href":"https:\/\/www.europesays.com\/pt\/wp-json\/wp\/v2\/media?parent=105004"}],"wp:term":[{"taxonomy":"category","embeddable":true,"href":"https:\/\/www.europesays.com\/pt\/wp-json\/wp\/v2\/categories?post=105004"},{"taxonomy":"post_tag","embeddable":true,"href":"https:\/\/www.europesays.com\/pt\/wp-json\/wp\/v2\/tags?post=105004"}],"curies":[{"name":"wp","href":"https:\/\/api.w.org\/{rel}","templated":true}]}}