{"id":105006,"date":"2025-10-10T13:43:10","date_gmt":"2025-10-10T13:43:10","guid":{"rendered":"https:\/\/www.europesays.com\/pt\/105006\/"},"modified":"2025-10-10T13:43:10","modified_gmt":"2025-10-10T13:43:10","slug":"luis-filipe-vieira-formaliza-candidatura-ao-benfica-os-nomes-da-lista","status":"publish","type":"post","link":"https:\/\/www.europesays.com\/pt\/105006\/","title":{"rendered":"Lu\u00eds Filipe Vieira formaliza candidatura ao Benfica: os nomes da lista"},"content":{"rendered":"<p style=\"text-align: justify\">Lu\u00eds Filipe Vieira, antigo presidente do <a target=\"_blank\" class=\"editor-link autolink-enabled\" href=\"https:\/\/www.abola.pt\/futebol\/benfica-450\" data-resource-id=\"450\" data-resource-type=\"team\" data-sport=\"football\" rel=\"nofollow noopener\">Benfica<\/a> e candidato \u00e0s elei\u00e7\u00f5es de 25 de outubro, entregou esta sexta-feira de manh\u00e3 na secretaria geral do clube da Luz os documentos necess\u00e1rios para formalizar candidatura.<\/p>\n<p><strong>Lista \u00abVoltar a Ganhar\u00bb<\/strong><\/p>\n<p><strong>DIRE\u00c7\u00c3O<\/strong><\/p>\n<p>Presidente Lu\u00eds Filipe Ferreira Vieira<\/p>\n<p>Vice-presidente Bruno David Polainas Batista<\/p>\n<p>Vice-presidente Jo\u00e3o Filipe Fidalgo Antunes<\/p>\n<p>Vice-presidente Jos\u00e9 Fernandes Malta<\/p>\n<p>Vice-presidente Lu\u00eds Fernando Cordeiro de Almeida Melo<\/p>\n<p>Vice-presidente Pedro de Albuquerque Mateus<\/p>\n<p>Vice-presidente Lu\u00eds Filipe Sousa Pinto Melo<\/p>\n<p>Vice-presidente Jeremias Madalena Rodrigues<\/p>\n<p>Vice-presidente Frederico Guilherme Bento Machado de Morais\u00a0Pires<\/p>\n<p><strong>MESA DA ASSEMBLEIA GERAL<\/strong><\/p>\n<p>Presidente Jo\u00e3o Jos\u00e9 Garcia Correia<\/p>\n<p>Vice-presidente Jos\u00e9 Joaquim Amaral Marques<\/p>\n<p>Vice-presidente Duarte Filipe Neves Trindade Amaro Dur\u00e3o<\/p>\n<p>Secret\u00e1rio Ana Sofia Gon\u00e7alves de Sousa de Aguiar Beleza<\/p>\n<p>Secret\u00e1rio Rui Costa Cabral Correia<\/p>\n<p><strong>CONSELHO FISCAL<\/strong><\/p>\n<p>Presidente Jo\u00e3o Paulo da Silva Pratas<\/p>\n<p>Vice-presidente Jo\u00e3o Pedro de Arag\u00e3o Cardoso Nava<\/p>\n<p>Vice-presidente C\u00e9lia Maria Pedro Cust\u00f3dio<\/p>\n<p>Vogal Jo\u00e3o Augusto Rodrigues de Castro Ambr\u00f3sio<\/p>\n<p>Vogal Sofia Monge da Silva Cardoso<\/p>\n<p><strong>COMISS\u00c3O DE REMUNERA\u00c7\u00d5ES<\/strong><\/p>\n<p>Presidente Pedro Jo\u00e3o Sousa Conde<\/p>\n<p>Vice-presidente Jaime da Cunha Branco<\/p>\n<p>Vogal Miguel Lima Moia Nunes da Silva<\/p>\n<p>Vogal Nuno Filipe Carvalho Ferreira<\/p>\n<p>Secret\u00e1rio Marta Sofia Domingos Gon\u00e7alves de Montalv\u00e3o Freixo<\/p>\n","protected":false},"excerpt":{"rendered":"Lu\u00eds Filipe Vieira, antigo presidente do Benfica e candidato \u00e0s elei\u00e7\u00f5es de 25 de outubro, entregou esta sexta-feira&hellip;\n","protected":false},"author":2,"featured_media":105007,"comment_status":"","ping_status":"","sticky":false,"template":"","format":"standard","meta":{"footnotes":""},"categories":[87],"tags":[135,32,33,134],"class_list":{"0":"post-105006","1":"post","2":"type-post","3":"status-publish","4":"format-standard","5":"has-post-thumbnail","7":"category-desporto","8":"tag-desporto","9":"tag-portugal","10":"tag-pt","11":"tag-sports"},"share_on_mastodon":{"url":"","error":""},"_links":{"self":[{"href":"https:\/\/www.europesays.com\/pt\/wp-json\/wp\/v2\/posts\/105006","targetHints":{"allow":["GET"]}}],"collection":[{"href":"https:\/\/www.europesays.com\/pt\/wp-json\/wp\/v2\/posts"}],"about":[{"href":"https:\/\/www.europesays.com\/pt\/wp-json\/wp\/v2\/types\/post"}],"author":[{"embeddable":true,"href":"https:\/\/www.europesays.com\/pt\/wp-json\/wp\/v2\/users\/2"}],"replies":[{"embeddable":true,"href":"https:\/\/www.europesays.com\/pt\/wp-json\/wp\/v2\/comments?post=105006"}],"version-history":[{"count":0,"href":"https:\/\/www.europesays.com\/pt\/wp-json\/wp\/v2\/posts\/105006\/revisions"}],"wp:featuredmedia":[{"embeddable":true,"href":"https:\/\/www.europesays.com\/pt\/wp-json\/wp\/v2\/media\/105007"}],"wp:attachment":[{"href":"https:\/\/www.europesays.com\/pt\/wp-json\/wp\/v2\/media?parent=105006"}],"wp:term":[{"taxonomy":"category","embeddable":true,"href":"https:\/\/www.europesays.com\/pt\/wp-json\/wp\/v2\/categories?post=105006"},{"taxonomy":"post_tag","embeddable":true,"href":"https:\/\/www.europesays.com\/pt\/wp-json\/wp\/v2\/tags?post=105006"}],"curies":[{"name":"wp","href":"https:\/\/api.w.org\/{rel}","templated":true}]}}