{"id":105031,"date":"2025-10-10T14:03:16","date_gmt":"2025-10-10T14:03:16","guid":{"rendered":"https:\/\/www.europesays.com\/pt\/105031\/"},"modified":"2025-10-10T14:03:16","modified_gmt":"2025-10-10T14:03:16","slug":"nobel-da-paz-deram-a-uma-trumpista-diz-raimundo-observador","status":"publish","type":"post","link":"https:\/\/www.europesays.com\/pt\/105031\/","title":{"rendered":"Nobel da Paz. &#8220;Deram a uma trumpista&#8221;, diz Raimundo \u2013 Observador"},"content":{"rendered":"<p>O secret\u00e1rio-geral do PCP criticou esta sexta-feira a atribui\u00e7\u00e3o do Pr\u00e9mio Nobel da Paz \u00e0 opositora venezuelana Mar\u00eda Corina Machado, considerando que \u201cn\u00e3o deram o Nobel a Trump, deram a uma trumpista\u201d.<\/p>\n<p>\u201cTudo indicava que havia que ia haver uma golpada em que Trump seria o <a href=\"https:\/\/observador.pt\/2025\/10\/10\/premio-nobel-da-paz-entregue-a-maria-corina-machado-lider-da-oposicao-na-venezuela\/\" rel=\"nofollow noopener\" target=\"_blank\">pr\u00e9mio Nobel<\/a>. N\u00e3o foi Trump, foi uma trumpista. E, portanto, n\u00e3o h\u00e1 muito mais a dizer sobre isso. <strong>A Academia entregou um pr\u00e9mio n\u00e3o a Trump \u2014 \u00a0o que tamb\u00e9m era demais \u2014 , ent\u00e3o entregou-o a uma trumpista<\/strong>\u201c, criticou Paulo Raimundo em declara\u00e7\u00f5es aos jornalistas durante uma arruada na Baixa da Banheira, no concelho da Moita.<\/p>\n<p>Questionado sobre as raz\u00f5es para a cr\u00edtica a <a href=\"https:\/\/observador.pt\/especiais\/maria-corina-machado-o-fenomeno-politico-com-raizes-portuguesas-que-espera-derrubar-maduro\/\" rel=\"nofollow noopener\" target=\"_blank\">Mar\u00eda Corina Machado<\/a>, opositora ao regime venezuelano de Nicol\u00e1s Maduro, Paulo Raimundo disse n\u00e3o querer dizer mais nada, \u201cporque \u00e9 t\u00e3o evidente que o pr\u00e9mio foi entregue a uma trumpista\u201d, porque atribu\u00ed-lo a Trump seria \u201cdemasiado escandaloso\u201d.<\/p>\n<p>\u201cEu fa\u00e7o duas constata\u00e7\u00f5es: o descr\u00e9dito a que chegou a atribui\u00e7\u00e3o do Pr\u00e9mio Nobel da Paz, ali\u00e1s no seguimento de outros pr\u00e9mios. E a outra constata\u00e7\u00e3o e facto \u00e9 que n\u00e3o deram [o Nobel] a Trump, deram a uma trumpista\u201d, referiu.<\/p>\n<p>Perante a insist\u00eancia dos jornalistas, Paulo Raimundo reiterou que n\u00e3o queria fazer mais constata\u00e7\u00f5es sobre o assunto, porque, a partir da\u00ed, ia come\u00e7ar a \u201cdesenrolar um novelo\u201d que n\u00e3o tem interesse em desenrolar.<\/p>\n<p>O Pr\u00e9mio Nobel da Paz 2025 foi atribu\u00eddo \u00e0 opositora venezuelana Mar\u00eda Corina Machado, ex-deputada da Assembleia Nacional da Venezuela entre 2011 e 2014, anunciou esta sexta-feira o Comit\u00e9 Nobel noruegu\u00eas.<\/p>\n<p>Corina Machado foi premiada \u201c<strong>pelo seu trabalho incans\u00e1vel na promo\u00e7\u00e3o dos direitos democr\u00e1ticos do povo da Venezuela<\/strong> e pela sua luta para alcan\u00e7ar uma transi\u00e7\u00e3o justa e pac\u00edfica da ditadura para a democracia\u201d, explicou a organiza\u00e7\u00e3o do Nobel.<\/p>\n<p>O Pr\u00e9mio Nobel da Paz 2025 foi atribu\u00eddo \u00e0 opositora venezuelana Mar\u00eda Corina Machado, ex-deputada da Assembleia Nacional da Venezuela entre 2011 e 2014, anunciou esta sexta-feira o Comit\u00e9 Nobel noruegu\u00eas.<\/p>\n<p>Corina Machado foi premiada \u201cpelo seu trabalho incans\u00e1vel na promo\u00e7\u00e3o dos direitos democr\u00e1ticos do povo da Venezuela e pela sua luta para alcan\u00e7ar uma transi\u00e7\u00e3o justa e pac\u00edfica da ditadura para a democracia\u201d, explicou a organiza\u00e7\u00e3o do Nobel.<\/p>\n<p>Nascida em 1967, na Venezuela, Maria Corina Machado \u00e9 uma das principais vozes da oposi\u00e7\u00e3o democr\u00e1tica ao regime de Nicol\u00e1s Maduro, tendo sido candidata nas elei\u00e7\u00f5es presidenciais de julho de 2024.<\/p>\n<p>No entanto, foi impedida de concorrer quando, em janeiro de 2024, o Supremo Tribunal de Justi\u00e7a a proibiu de ocupar cargos p\u00fablicos durante 15 anos.<\/p>\n<p>                            Se tiver uma hist\u00f3ria que queira partilhar sobre irregularidades na sua autarquia, preencha<br \/>\n                            <a href=\"https:\/\/forms.gle\/uQ1gDpSwmRd7ezUf8\" target=\"_blank\" rel=\"noopener noreferrer nofollow\">este formul\u00e1rio an\u00f3nimo<\/a>.<\/p>\n","protected":false},"excerpt":{"rendered":"O secret\u00e1rio-geral do PCP criticou esta sexta-feira a atribui\u00e7\u00e3o do Pr\u00e9mio Nobel da Paz \u00e0 opositora venezuelana Mar\u00eda&hellip;\n","protected":false},"author":2,"featured_media":105032,"comment_status":"","ping_status":"","sticky":false,"template":"","format":"standard","meta":{"footnotes":""},"categories":[50],"tags":[27,28,315,15,16,14,25,26,21,22,62,12,24802,13,19,20,3596,302,23,24,24608,17,18,29,30,31,63,64,65],"class_list":{"0":"post-105031","1":"post","2":"type-post","3":"status-publish","4":"format-standard","5":"has-post-thumbnail","7":"category-mundo","8":"tag-breaking-news","9":"tag-breakingnews","10":"tag-cultura","11":"tag-featured-news","12":"tag-featurednews","13":"tag-headlines","14":"tag-latest-news","15":"tag-latestnews","16":"tag-main-news","17":"tag-mainnews","18":"tag-mundo","19":"tag-news","20":"tag-nobel-da-paz","21":"tag-noticias","22":"tag-noticias-principais","23":"tag-noticiasprincipais","24":"tag-pcp","25":"tag-polu00edtica","26":"tag-principais-noticias","27":"tag-principaisnoticias","28":"tag-pru00e9mio-nobel","29":"tag-top-stories","30":"tag-topstories","31":"tag-ultimas","32":"tag-ultimas-noticias","33":"tag-ultimasnoticias","34":"tag-world","35":"tag-world-news","36":"tag-worldnews"},"share_on_mastodon":{"url":"","error":""},"_links":{"self":[{"href":"https:\/\/www.europesays.com\/pt\/wp-json\/wp\/v2\/posts\/105031","targetHints":{"allow":["GET"]}}],"collection":[{"href":"https:\/\/www.europesays.com\/pt\/wp-json\/wp\/v2\/posts"}],"about":[{"href":"https:\/\/www.europesays.com\/pt\/wp-json\/wp\/v2\/types\/post"}],"author":[{"embeddable":true,"href":"https:\/\/www.europesays.com\/pt\/wp-json\/wp\/v2\/users\/2"}],"replies":[{"embeddable":true,"href":"https:\/\/www.europesays.com\/pt\/wp-json\/wp\/v2\/comments?post=105031"}],"version-history":[{"count":0,"href":"https:\/\/www.europesays.com\/pt\/wp-json\/wp\/v2\/posts\/105031\/revisions"}],"wp:featuredmedia":[{"embeddable":true,"href":"https:\/\/www.europesays.com\/pt\/wp-json\/wp\/v2\/media\/105032"}],"wp:attachment":[{"href":"https:\/\/www.europesays.com\/pt\/wp-json\/wp\/v2\/media?parent=105031"}],"wp:term":[{"taxonomy":"category","embeddable":true,"href":"https:\/\/www.europesays.com\/pt\/wp-json\/wp\/v2\/categories?post=105031"},{"taxonomy":"post_tag","embeddable":true,"href":"https:\/\/www.europesays.com\/pt\/wp-json\/wp\/v2\/tags?post=105031"}],"curies":[{"name":"wp","href":"https:\/\/api.w.org\/{rel}","templated":true}]}}