{"id":105040,"date":"2025-10-10T14:12:08","date_gmt":"2025-10-10T14:12:08","guid":{"rendered":"https:\/\/www.europesays.com\/pt\/105040\/"},"modified":"2025-10-10T14:12:08","modified_gmt":"2025-10-10T14:12:08","slug":"villas-boas-e-a-possivel-ida-de-rodrigo-mora-para-a-arabia-nao-foi-etico-mexeram-com-a-cabeca-do-miudo","status":"publish","type":"post","link":"https:\/\/www.europesays.com\/pt\/105040\/","title":{"rendered":"Villas-Boas e a poss\u00edvel ida de Rodrigo Mora para a Ar\u00e1bia: &#8220;N\u00e3o foi \u00e9tico, mexeram com a cabe\u00e7a do mi\u00fado&#8221;"},"content":{"rendered":"<p>Villas-Boas abordou a medi\u00e1tica proposta do Al Ittihad sobre Rodrigo Mora. &#8220;Foi um desafio, davam 50 milh\u00f5es de euros, \u00e9 um clube que se habituou a brincar com o F. C. Porto. N\u00f3s n\u00e3o vender\u00edamos por menos de 115, que \u00e9 a cl\u00e1usula, mas em conversa com ele falamos nos 70 milh\u00f5es, proposta que n\u00e3o chegou e eles desapareceram da mesa. Com [S\u00e9rgio] Concei\u00e7\u00e3o l\u00e1, a rela\u00e7\u00e3o pode ser outra, mas n\u00e3o gostamos como se comportaram nas negocia\u00e7\u00f5es. Mexeram na cabe\u00e7a do mi\u00fado, n\u00e3o foi \u00e9tico nem moral&#8221;, criticou.<\/p>\n<p data-remotead-prev-elm=\"true\" data-remotead-elm-id=\"inread\">O presidente do F. C. Porto adiantou que o clube est\u00e1 &#8220;em fase de investimento na forma\u00e7\u00e3o&#8221;. E acrescentou: Muitos desafios, mud\u00e1mos a dire\u00e7\u00e3o de Scouting. Estamos bem orientados, n\u00e3o temos \u00e9 infraestrutura, andamos com casa \u00e0s costas. Mas com obras de centro de alto rendimento, em ano e meio a dois anos podemos oferecer aos jovens outras condi\u00e7\u00f5es para se desenvolverem. Esperamos ser capazes de alimentar cada vez a equipa principal de jovens talentosos, temos o Rodrigo Mora, Martim Fernandes, Diogo Costa, Vasco Sousa&#8230; S\u00e3o j\u00f3ias do clube, mas queremos mais, s\u00e3o elas que d\u00e3o mais valias e sustentabilidade financeira&#8221;, disse sobre a import\u00e2ncia da forma\u00e7\u00e3o.<\/p>\n<p>Quanto \u00e0s expectativas para esta temporada, o presidente do F. C. Porto revela uma &#8220;esperan\u00e7a enorme&#8221;, elogiando Farioli. &#8220;Temos um grande treinador, com qualidade, processo, tem ideias, comunica bem, sabe valores do clube. Equipa tem estado como s\u00f3cios querem, come\u00e7aram bem, mas est\u00e1 tudo em aberto&#8221;.<\/p>\n<p data-remotead-prev-elm=\"true\" data-remotead-elm-id=\"centro1\">Villas-Boas analisou ainda os rivais: &#8220;O Sporting est\u00e1 s\u00f3lido, bem constru\u00eddo e treinado. O Benfica fez um investimento forte ao nosso n\u00edvel. Adicionou qualidade, temos uma grande batalha pela frente que ser\u00e1 dif\u00edcil, \u00e9 prematuro mas estamos num bom caminho. As coisas est\u00e3o a sair bem&#8221;, afirmou.<\/p>\n<p>&#8220;Os tr\u00eas presidentes (F. C. Porto, Benfica e Sporting) n\u00e3o se podem ver uns aos outros, mas temos um caminho obrigat\u00f3rio a percorrer no sentido de encontrar solu\u00e7\u00f5es para o futebol portugu\u00eas&#8221;, concluiu.<\/p>\n","protected":false},"excerpt":{"rendered":"Villas-Boas abordou a medi\u00e1tica proposta do Al Ittihad sobre Rodrigo Mora. &#8220;Foi um desafio, davam 50 milh\u00f5es de&hellip;\n","protected":false},"author":2,"featured_media":105041,"comment_status":"","ping_status":"","sticky":false,"template":"","format":"standard","meta":{"footnotes":""},"categories":[87],"tags":[2120,3073,135,20558,524,32,24942,33,2435,134],"class_list":{"0":"post-105040","1":"post","2":"type-post","3":"status-publish","4":"format-standard","5":"has-post-thumbnail","7":"category-desporto","8":"tag-al-ittihad","9":"tag-andre-villas-boas","10":"tag-desporto","11":"tag-f-c-porto","12":"tag-futebol","13":"tag-portugal","14":"tag-portugal-football-summit","15":"tag-pt","16":"tag-rodrigo-mora","17":"tag-sports"},"share_on_mastodon":{"url":"","error":""},"_links":{"self":[{"href":"https:\/\/www.europesays.com\/pt\/wp-json\/wp\/v2\/posts\/105040","targetHints":{"allow":["GET"]}}],"collection":[{"href":"https:\/\/www.europesays.com\/pt\/wp-json\/wp\/v2\/posts"}],"about":[{"href":"https:\/\/www.europesays.com\/pt\/wp-json\/wp\/v2\/types\/post"}],"author":[{"embeddable":true,"href":"https:\/\/www.europesays.com\/pt\/wp-json\/wp\/v2\/users\/2"}],"replies":[{"embeddable":true,"href":"https:\/\/www.europesays.com\/pt\/wp-json\/wp\/v2\/comments?post=105040"}],"version-history":[{"count":0,"href":"https:\/\/www.europesays.com\/pt\/wp-json\/wp\/v2\/posts\/105040\/revisions"}],"wp:featuredmedia":[{"embeddable":true,"href":"https:\/\/www.europesays.com\/pt\/wp-json\/wp\/v2\/media\/105041"}],"wp:attachment":[{"href":"https:\/\/www.europesays.com\/pt\/wp-json\/wp\/v2\/media?parent=105040"}],"wp:term":[{"taxonomy":"category","embeddable":true,"href":"https:\/\/www.europesays.com\/pt\/wp-json\/wp\/v2\/categories?post=105040"},{"taxonomy":"post_tag","embeddable":true,"href":"https:\/\/www.europesays.com\/pt\/wp-json\/wp\/v2\/tags?post=105040"}],"curies":[{"name":"wp","href":"https:\/\/api.w.org\/{rel}","templated":true}]}}