{"id":105052,"date":"2025-10-10T14:21:13","date_gmt":"2025-10-10T14:21:13","guid":{"rendered":"https:\/\/www.europesays.com\/pt\/105052\/"},"modified":"2025-10-10T14:21:13","modified_gmt":"2025-10-10T14:21:13","slug":"casa-hueca-boyance-arquitectura-edificacion-munoz-arquitectos-augusto-quijano-arquitectos","status":"publish","type":"post","link":"https:\/\/www.europesays.com\/pt\/105052\/","title":{"rendered":"Casa Hueca \/ Boyanc\u00e9 Arquitectura + Edificaci\u00f3n + Mu\u00f1oz Arquitectos + Augusto Quijano Arquitectos"},"content":{"rendered":"<p><a class=\"js-image-size__link \" href=\"https:\/\/www.archdaily.com.br\/br\/1034788\/casa-hueca-boyance-arquitectura-plus-edificacion-plus-munoz-arquitectos-plus-augusto-quijano-arquitectos\/68dee07617892c0001fae1dd-casa-hueca-boyance-arquitectura-plus-edificacion-plus-munoz-arquitectos-plus-augusto-quijano-arquitectos-foto\" rel=\"attachment nofollow noopener\" style=\"width: 100%; height: 100%;\" target=\"_blank\"><img decoding=\"async\" alt=\"Casa Hueca \/ Boyanc\u00e9 Arquitectura + Edificaci\u00f3n + Mu\u00f1oz Arquitectos + Augusto Quijano Arquitectos - Imagem 1 de 16\" data-nr-picture-id=\"68dee07617892c0001fae1dd\" fetchpriority=\"high\" height=\"512\" itemprop=\"image\" loading=\"eager\" longdesc=\"https:\/\/www.archdaily.com.br\/br\/1034788\/casa-hueca-boyance-arquitectura-plus-edificacion-plus-munoz-arquitectos-plus-augusto-quijano-arquitectos\/68dee07617892c0001fae1dd-casa-hueca-boyance-arquitectura-plus-edificacion-plus-munoz-arquitectos-plus-augusto-quijano-arquitectos-foto\" src=\"https:\/\/www.europesays.com\/pt\/wp-content\/uploads\/2025\/10\/12.CASA_HUECA._Foto_por_Javier_Callejas.jpg\" style=\"min-height: var(--featured-height, auto); aspect-ratio: auto 640 \/ 512\" width=\"640\"\/><\/a>\u00a9 Javier Callejas<\/p>\n<p class=\"thumbs afd-desktop-e clearfix\"><a class=\"thumbs__link\" data-nr-picture-id=\"68dee07317892c0001fae1d3\" href=\"https:\/\/www.archdaily.com.br\/br\/1034788\/casa-hueca-boyance-arquitectura-plus-edificacion-plus-munoz-arquitectos-plus-augusto-quijano-arquitectos\/68dee07317892c0001fae1d3-casa-hueca-boyance-arquitectura-plus-edificacion-plus-munoz-arquitectos-plus-augusto-quijano-arquitectos-foto\" rel=\"attachment nofollow noopener\" target=\"_blank\"><img loading=\"lazy\" decoding=\"async\" alt=\"Casa Hueca \/ Boyanc\u00e9 Arquitectura + Edificaci\u00f3n + Mu\u00f1oz Arquitectos + Augusto Quijano Arquitectos - Fotografia de Exterior\" class=\"thumbs__img b-lazy\" data-nr-picture-id=\"68dee07317892c0001fae1d3\" data-pin-nopin=\"true\" src=\"https:\/\/www.europesays.com\/pt\/wp-content\/uploads\/2025\/10\/2.CASA_HUECA._Foto_por_Javier_Callejas.jpg\" height=\"125\" longdesc=\"https:\/\/www.archdaily.com.br\/br\/1034788\/casa-hueca-boyance-arquitectura-plus-edificacion-plus-munoz-arquitectos-plus-augusto-quijano-arquitectos\/68dee07317892c0001fae1d3-casa-hueca-boyance-arquitectura-plus-edificacion-plus-munoz-arquitectos-plus-augusto-quijano-arquitectos-foto\" title=\"\u00a9 Javier Callejas \" width=\"125\"\/><\/a><a class=\"thumbs__link\" data-nr-picture-id=\"68dee07517892c0001fae1d9\" href=\"https:\/\/www.archdaily.com.br\/br\/1034788\/casa-hueca-boyance-arquitectura-plus-edificacion-plus-munoz-arquitectos-plus-augusto-quijano-arquitectos\/68dee07517892c0001fae1d9-casa-hueca-boyance-arquitectura-plus-edificacion-plus-munoz-arquitectos-plus-augusto-quijano-arquitectos-foto\" rel=\"attachment nofollow noopener\" target=\"_blank\"><img loading=\"lazy\" decoding=\"async\" alt=\"Casa Hueca \/ Boyanc\u00e9 Arquitectura + Edificaci\u00f3n + Mu\u00f1oz Arquitectos + Augusto Quijano Arquitectos - Imagem 3 de 16\" class=\"thumbs__img b-lazy\" data-nr-picture-id=\"68dee07517892c0001fae1d9\" data-pin-nopin=\"true\" src=\"https:\/\/www.europesays.com\/pt\/wp-content\/uploads\/2025\/10\/8.CASA_HUECA._Foto_por_Javier_Callejas.jpg\" height=\"125\" longdesc=\"https:\/\/www.archdaily.com.br\/br\/1034788\/casa-hueca-boyance-arquitectura-plus-edificacion-plus-munoz-arquitectos-plus-augusto-quijano-arquitectos\/68dee07517892c0001fae1d9-casa-hueca-boyance-arquitectura-plus-edificacion-plus-munoz-arquitectos-plus-augusto-quijano-arquitectos-foto\" title=\"\u00a9 Javier Callejas \" width=\"125\"\/><\/a><a class=\"thumbs__link\" data-nr-picture-id=\"68dee07617892c0001fae1df\" href=\"https:\/\/www.archdaily.com.br\/br\/1034788\/casa-hueca-boyance-arquitectura-plus-edificacion-plus-munoz-arquitectos-plus-augusto-quijano-arquitectos\/68dee07617892c0001fae1df-casa-hueca-boyance-arquitectura-plus-edificacion-plus-munoz-arquitectos-plus-augusto-quijano-arquitectos-foto\" rel=\"attachment nofollow noopener\" target=\"_blank\"><img loading=\"lazy\" decoding=\"async\" alt=\"Casa Hueca \/ Boyanc\u00e9 Arquitectura + Edificaci\u00f3n + Mu\u00f1oz Arquitectos + Augusto Quijano Arquitectos - Imagem 4 de 16\" class=\"thumbs__img b-lazy\" data-nr-picture-id=\"68dee07617892c0001fae1df\" data-pin-nopin=\"true\" src=\"https:\/\/www.europesays.com\/pt\/wp-content\/uploads\/2025\/10\/14.CASA_HUECA._Foto_por_Javier_Callejas.jpg\" height=\"125\" longdesc=\"https:\/\/www.archdaily.com.br\/br\/1034788\/casa-hueca-boyance-arquitectura-plus-edificacion-plus-munoz-arquitectos-plus-augusto-quijano-arquitectos\/68dee07617892c0001fae1df-casa-hueca-boyance-arquitectura-plus-edificacion-plus-munoz-arquitectos-plus-augusto-quijano-arquitectos-foto\" title=\"\u00a9 Javier Callejas \" width=\"125\"\/><\/a><a class=\"thumbs__link\" data-nr-picture-id=\"68dee07517892c0001fae1d8\" href=\"https:\/\/www.archdaily.com.br\/br\/1034788\/casa-hueca-boyance-arquitectura-plus-edificacion-plus-munoz-arquitectos-plus-augusto-quijano-arquitectos\/68dee07517892c0001fae1d8-casa-hueca-boyance-arquitectura-plus-edificacion-plus-munoz-arquitectos-plus-augusto-quijano-arquitectos-foto\" rel=\"attachment nofollow noopener\" target=\"_blank\"><img loading=\"lazy\" decoding=\"async\" alt=\"Casa Hueca \/ Boyanc\u00e9 Arquitectura + Edificaci\u00f3n + Mu\u00f1oz Arquitectos + Augusto Quijano Arquitectos - Imagem 5 de 16\" class=\"thumbs__img b-lazy\" data-nr-picture-id=\"68dee07517892c0001fae1d8\" data-pin-nopin=\"true\" src=\"https:\/\/www.europesays.com\/pt\/wp-content\/uploads\/2025\/10\/7.CASA_HUECA._Foto_por_Javier_Callejas.jpg\" height=\"125\" longdesc=\"https:\/\/www.archdaily.com.br\/br\/1034788\/casa-hueca-boyance-arquitectura-plus-edificacion-plus-munoz-arquitectos-plus-augusto-quijano-arquitectos\/68dee07517892c0001fae1d8-casa-hueca-boyance-arquitectura-plus-edificacion-plus-munoz-arquitectos-plus-augusto-quijano-arquitectos-foto\" title=\"\u00a9 Javier Callejas \" width=\"125\"\/><\/a><a class=\"gallery-link afd-desktop-e\" href=\"https:\/\/www.archdaily.com.br\/br\/1034788\/casa-hueca-boyance-arquitectura-plus-edificacion-plus-munoz-arquitectos-plus-augusto-quijano-arquitectos\/68dee07617892c0001fae1dd-casa-hueca-boyance-arquitectura-plus-edificacion-plus-munoz-arquitectos-plus-augusto-quijano-arquitectos-foto\" rel=\"nofollow noopener\" target=\"_blank\"><img decoding=\"async\" alt=\"Casa Hueca \/ Boyanc\u00e9 Arquitectura + Edificaci\u00f3n + Mu\u00f1oz Arquitectos + Augusto Quijano Arquitectos - Mais Imagens\" class=\"thumbs__img b-lazy\" src=\"https:\/\/www.europesays.com\/pt\/wp-content\/uploads\/2025\/10\/12.CASA_HUECA._Foto_por_Javier_Callejas.jpg\" itemprop=\"image\" bad-src=\"data:image\/gif;base64,R0lGODlhAQABAIAAAAUEBAAAACwAAAAAAQABAAACAkQBADs=\"\/>+ 11<\/a><\/p>\n<p>    Compartilhar<\/p>\n<p>Compartilhar<\/p>\n<ul class=\"afd-share__networks clearfix\">\n<li class=\"afd-share__social\"><a aria-label=\"Facebook\" class=\"afd-share__button\" data-insights-category=\"share\" data-insights-label=\"facebook_sharing_options\" data-insights-value=\"1034788\" data-social=\"facebook\" href=\"https:\/\/www.facebook.com\/sharer\/sharer.php?u=https:\/\/www.archdaily.com.br\/br\/1034788\/casa-hueca-boyance-arquitectura-plus-edificacion-plus-munoz-arquitectos-plus-augusto-quijano-arquitectos\" rel=\"nofollow noopener\" target=\"_blank\"><\/a>\n<p>Facebook<\/p>\n<\/li>\n<li class=\"afd-share__social\"><a aria-label=\"Twitter\" class=\"afd-share__button\" data-insights-category=\"share\" data-insights-label=\"twitter_sharing_options\" data-insights-value=\"1034788\" data-social=\"twitter\" href=\"https:\/\/twitter.com\/intent\/tweet?text=Casa%20Hueca%20%2F%20Boyanc%C3%A9%20Arquitectura%20%2B%20Edificaci%C3%B3n%20%2B%20Mu%C3%B1oz%20Arquitectos%20%2B%20Augusto%20Quijano%20Arquitectos&amp;url=https:\/\/www.archdaily.com.br\/br\/1034788\/casa-hueca-boyance-arquitectura-plus-edificacion-plus-munoz-arquitectos-plus-augusto-quijano-arquitectos&amp;via=archdailybr\" rel=\"nofollow noopener\" target=\"_blank\"><\/a>\n<p>Twitter<\/p>\n<\/li>\n<li class=\"afd-share__social\"><a class=\"afd-share__button\" data-insights-category=\"share\" data-insights-label=\"email_sharing_options\" data-insights-value=\"1034788\" data-social=\"email\" href=\"mailto:?subject=Casa Hueca \/ Boyanc\u00e9 Arquitectura + Edificaci\u00f3n + Mu\u00f1oz Arquitectos + Augusto Quijano Arquitectos&amp;body=https:\/\/www.archdaily.com.br\/br\/1034788\/casa-hueca-boyance-arquitectura-plus-edificacion-plus-munoz-arquitectos-plus-augusto-quijano-arquitectos\"><\/a>\n<p>Mail<\/p>\n<\/li>\n<li class=\"afd-share__social\"><a aria-label=\"Pinterest\" class=\"afd-share__button\" data-insights-category=\"share\" data-insights-label=\"pinterest_sharing_options\" data-insights-value=\"1034788\" data-social=\"pinterest\" href=\"https:\/\/pinterest.com\/pin\/create\/button\/?url=https%3A%2F%2Fwww.archdaily.com.br%2Fbr%2F1034788%2Fcasa-hueca-boyance-arquitectura-plus-edificacion-plus-munoz-arquitectos-plus-augusto-quijano-arquitectos&amp;media=https%3A%2F%2Fimages.adsttc.com%2Fmedia%2Fimages%2F68de%2Fe076%2F1789%2F2c00%2F01fa%2Fe1dd%2Flarge_jpg%2F12.CASA_HUECA._Foto_por_Javier_Callejas.jpg%3F1759436938&amp;description=Casa%20Hueca%20%2F%20Boyanc%C3%A9%20Arquitectura%20%2B%20Edificaci%C3%B3n%20%2B%20Mu%C3%B1oz%20Arquitectos%20%2B%20Augusto%20Quijano%20Arquitectos\" rel=\"nofollow noopener\" target=\"_blank\"><\/a>\n<p>Pinterest<\/p>\n<\/li>\n<li class=\"afd-share__social\"><a aria-label=\"Whatsapp\" class=\"afd-share__button\" data-action=\"share\/whatsapp\/share\" data-insights-category=\"share\" data-insights-label=\"whatsapp_sharing_options\" data-insights-value=\"1034788\" data-social=\"whatsapp\" href=\"whatsapp:\/\/send?text=Casa+Hueca+%2F+Boyanc%C3%A9+Arquitectura+%2B+Edificaci%C3%B3n+%2B+Mu%C3%B1oz+Arquitectos+%2B+Augusto+Quijano+Arquitectos+%7C+https%3A%2F%2Fwww.archdaily.com.br%2Fbr%2F1034788%2Fcasa-hueca-boyance-arquitectura-plus-edificacion-plus-munoz-arquitectos-plus-augusto-quijano-arquitectos%3Futm_source%3DWhatsapp%26utm_medium%3DIM%26utm_campaign%3Dshare-button\" rel=\"nofollow\"><\/a>\n<p>Whatsapp<\/p>\n<\/li>\n<\/ul>\n<p>Ou<\/p>\n<p>https:\/\/www.archdaily.com.br\/br\/1034788\/casa-hueca-boyance-arquitectura-plus-edificacion-plus-munoz-arquitectos-plus-augusto-quijano-arquitectos<br \/>\n<a class=\"js-image-size__link lazy-anchor\" href=\"https:\/\/www.archdaily.com.br\/br\/1034788\/casa-hueca-boyance-arquitectura-plus-edificacion-plus-munoz-arquitectos-plus-augusto-quijano-arquitectos\/68dee07417892c0001fae1d7-casa-hueca-boyance-arquitectura-plus-edificacion-plus-munoz-arquitectos-plus-augusto-quijano-arquitectos-foto\" rel=\"nofollow noopener\" target=\"_blank\"><img decoding=\"async\" alt=\"Casa Hueca \/ Boyanc\u00e9 Arquitectura + Edificaci\u00f3n + Mu\u00f1oz Arquitectos + Augusto Quijano Arquitectos - Imagem 6 de 16\" data-nr-picture-id=\"68dee07417892c0001fae1d7\" height=\"427\" itemprop=\"image\" loading=\"lazy\" longdesc=\"https:\/\/www.archdaily.com.br\/br\/1034788\/casa-hueca-boyance-arquitectura-plus-edificacion-plus-munoz-arquitectos-plus-augusto-quijano-arquitectos\/68dee07417892c0001fae1d7-casa-hueca-boyance-arquitectura-plus-edificacion-plus-munoz-arquitectos-plus-augusto-quijano-arquitectos-foto\" src=\"https:\/\/www.europesays.com\/pt\/wp-content\/uploads\/2025\/10\/6.CASA_HUECA._Foto_por_Javier_Callejas.jpg\" width=\"640\"\/>\u00a9 Javier Callejas<\/a><\/p>\n<p>Descri\u00e7\u00e3o enviada pela equipe de projeto. O projeto se articula por meio de tr\u00eas blocos com fun\u00e7\u00f5es diferenciadas: social, privado e servi\u00e7os. Para estabelecer a separa\u00e7\u00e3o entre esses volumes, s\u00e3o configurados dois p\u00e1tios intermedi\u00e1rios que geram fluidez espacial e favorecem a ventila\u00e7\u00e3o e ilumina\u00e7\u00e3o natural.<\/p>\n<p><a class=\"js-image-size__link lazy-anchor\" href=\"https:\/\/www.archdaily.com.br\/br\/1034788\/casa-hueca-boyance-arquitectura-plus-edificacion-plus-munoz-arquitectos-plus-augusto-quijano-arquitectos\/68dee07517892c0001fae1d8-casa-hueca-boyance-arquitectura-plus-edificacion-plus-munoz-arquitectos-plus-augusto-quijano-arquitectos-foto\" rel=\"nofollow noopener\" target=\"_blank\"><img decoding=\"async\" alt=\"Casa Hueca \/ Boyanc\u00e9 Arquitectura + Edificaci\u00f3n + Mu\u00f1oz Arquitectos + Augusto Quijano Arquitectos - Imagem 5 de 16\" data-nr-picture-id=\"68dee07517892c0001fae1d8\" height=\"427\" itemprop=\"image\" loading=\"lazy\" longdesc=\"https:\/\/www.archdaily.com.br\/br\/1034788\/casa-hueca-boyance-arquitectura-plus-edificacion-plus-munoz-arquitectos-plus-augusto-quijano-arquitectos\/68dee07517892c0001fae1d8-casa-hueca-boyance-arquitectura-plus-edificacion-plus-munoz-arquitectos-plus-augusto-quijano-arquitectos-foto\" src=\"https:\/\/www.europesays.com\/pt\/wp-content\/uploads\/2025\/10\/1760106070_339_7.CASA_HUECA._Foto_por_Javier_Callejas.jpg\" width=\"640\"\/>\u00a9 Javier Callejas<\/a><\/p>\n<p data-start=\"399\" data-end=\"772\">O aspecto fundamental consiste nas vistas para a costa. Para materializar essa inten\u00e7\u00e3o, cada bloco \u00e9 disposto em diferentes n\u00edveis, buscando maximizar as vistas para o mar e otimizar a ventila\u00e7\u00e3o cruzada. A orienta\u00e7\u00e3o capta a brisa mar\u00edtima, enquanto os p\u00e1tios internos funcionam como reguladores bioclim\u00e1ticos, oferecendo espa\u00e7os sombreados e frescos.<\/p>\n<p><a class=\"js-image-size__link lazy-anchor\" href=\"https:\/\/www.archdaily.com.br\/br\/1034788\/casa-hueca-boyance-arquitectura-plus-edificacion-plus-munoz-arquitectos-plus-augusto-quijano-arquitectos\/68dee07517892c0001fae1d9-casa-hueca-boyance-arquitectura-plus-edificacion-plus-munoz-arquitectos-plus-augusto-quijano-arquitectos-foto\" rel=\"nofollow noopener\" target=\"_blank\"><img decoding=\"async\" alt=\"Casa Hueca \/ Boyanc\u00e9 Arquitectura + Edificaci\u00f3n + Mu\u00f1oz Arquitectos + Augusto Quijano Arquitectos - Imagem 3 de 16\" data-nr-picture-id=\"68dee07517892c0001fae1d9\" height=\"427\" itemprop=\"image\" loading=\"lazy\" longdesc=\"https:\/\/www.archdaily.com.br\/br\/1034788\/casa-hueca-boyance-arquitectura-plus-edificacion-plus-munoz-arquitectos-plus-augusto-quijano-arquitectos\/68dee07517892c0001fae1d9-casa-hueca-boyance-arquitectura-plus-edificacion-plus-munoz-arquitectos-plus-augusto-quijano-arquitectos-foto\" src=\"https:\/\/www.europesays.com\/pt\/wp-content\/uploads\/2025\/10\/1760106071_634_8.CASA_HUECA._Foto_por_Javier_Callejas.jpg\" width=\"640\"\/>\u00a9 Javier Callejas<\/a><\/p>\n<p data-start=\"774\" data-end=\"962\">Cada bloco incorpora planos horizontais onde se desenvolvem terra\u00e7os, os quais integram a edifica\u00e7\u00e3o com o entorno tropical, desfocando os limites entre o interior e o exterior.<\/p>\n<p><a class=\"js-image-size__link lazy-anchor\" href=\"https:\/\/www.archdaily.com.br\/br\/1034788\/casa-hueca-boyance-arquitectura-plus-edificacion-plus-munoz-arquitectos-plus-augusto-quijano-arquitectos\/68dee07717892c0001fae1e2-casa-hueca-boyance-arquitectura-plus-edificacion-plus-munoz-arquitectos-plus-augusto-quijano-arquitectos-diagrama\" rel=\"nofollow noopener\" target=\"_blank\"><img decoding=\"async\" alt=\"Casa Hueca \/ Boyanc\u00e9 Arquitectura + Edificaci\u00f3n + Mu\u00f1oz Arquitectos + Augusto Quijano Arquitectos - Imagem 14 de 16\" data-nr-picture-id=\"68dee07717892c0001fae1e2\" height=\"427\" itemprop=\"image\" loading=\"lazy\" longdesc=\"https:\/\/www.archdaily.com.br\/br\/1034788\/casa-hueca-boyance-arquitectura-plus-edificacion-plus-munoz-arquitectos-plus-augusto-quijano-arquitectos\/68dee07717892c0001fae1e2-casa-hueca-boyance-arquitectura-plus-edificacion-plus-munoz-arquitectos-plus-augusto-quijano-arquitectos-diagrama\" src=\"https:\/\/www.europesays.com\/pt\/wp-content\/uploads\/2025\/10\/DIAGRAMA_1.jpg\" width=\"640\"\/>Diagrama<\/a><\/p>\n<p data-start=\"0\" data-end=\"447\" data-is-last-node=\"\" data-is-only-node=\"\">A edifica\u00e7\u00e3o eleva-se sobre o terreno, permitindo o livre fluxo da flora, da fauna e at\u00e9 das mar\u00e9s em situa\u00e7\u00f5es de conting\u00eancia ambiental. Essa estrat\u00e9gia reduz a pegada ecol\u00f3gica e confere leveza aos volumes, fazendo com que os corpos arquitet\u00f4nicos pare\u00e7am flutuar sobre a paisagem. Passarelas de madeira articulam o conjunto, conectando o acesso principal \u00e0s \u00e1reas internas e \u00e0 praia, em um percurso cont\u00ednuo que integra arquitetura e natureza.<\/p>\n<p>&#13;<br \/>\n<a class=\"js-image-size__link lazy-anchor\" href=\"https:\/\/www.archdaily.com.br\/br\/1034788\/casa-hueca-boyance-arquitectura-plus-edificacion-plus-munoz-arquitectos-plus-augusto-quijano-arquitectos\/68dee07317892c0001fae1d3-casa-hueca-boyance-arquitectura-plus-edificacion-plus-munoz-arquitectos-plus-augusto-quijano-arquitectos-foto\" rel=\"nofollow noopener\" target=\"_blank\"><img decoding=\"async\" alt=\"Casa Hueca \/ Boyanc\u00e9 Arquitectura + Edificaci\u00f3n + Mu\u00f1oz Arquitectos + Augusto Quijano Arquitectos - Fotografia de Exterior\" data-nr-picture-id=\"68dee07317892c0001fae1d3\" height=\"427\" itemprop=\"image\" loading=\"lazy\" longdesc=\"https:\/\/www.archdaily.com.br\/br\/1034788\/casa-hueca-boyance-arquitectura-plus-edificacion-plus-munoz-arquitectos-plus-augusto-quijano-arquitectos\/68dee07317892c0001fae1d3-casa-hueca-boyance-arquitectura-plus-edificacion-plus-munoz-arquitectos-plus-augusto-quijano-arquitectos-foto\" src=\"https:\/\/www.europesays.com\/pt\/wp-content\/uploads\/2025\/10\/1760106071_894_2.CASA_HUECA._Foto_por_Javier_Callejas.jpg\" width=\"640\"\/>\u00a9 Javier Callejas<\/a><a class=\"js-image-size__link lazy-anchor\" href=\"https:\/\/www.archdaily.com.br\/br\/1034788\/casa-hueca-boyance-arquitectura-plus-edificacion-plus-munoz-arquitectos-plus-augusto-quijano-arquitectos\/68dee07617892c0001fae1df-casa-hueca-boyance-arquitectura-plus-edificacion-plus-munoz-arquitectos-plus-augusto-quijano-arquitectos-foto\" rel=\"nofollow noopener\" target=\"_blank\"><img decoding=\"async\" alt=\"Casa Hueca \/ Boyanc\u00e9 Arquitectura + Edificaci\u00f3n + Mu\u00f1oz Arquitectos + Augusto Quijano Arquitectos - Imagem 4 de 16\" data-nr-picture-id=\"68dee07617892c0001fae1df\" height=\"427\" itemprop=\"image\" loading=\"lazy\" longdesc=\"https:\/\/www.archdaily.com.br\/br\/1034788\/casa-hueca-boyance-arquitectura-plus-edificacion-plus-munoz-arquitectos-plus-augusto-quijano-arquitectos\/68dee07617892c0001fae1df-casa-hueca-boyance-arquitectura-plus-edificacion-plus-munoz-arquitectos-plus-augusto-quijano-arquitectos-foto\" src=\"https:\/\/www.europesays.com\/pt\/wp-content\/uploads\/2025\/10\/1760106072_553_14.CASA_HUECA._Foto_por_Javier_Callejas.jpg\" width=\"640\"\/>\u00a9 Javier Callejas<\/a><\/p>\n<p data-start=\"357\" data-end=\"680\" data-is-last-node=\"\" data-is-only-node=\"\">A inova\u00e7\u00e3o construtiva reside no uso de placas alveolares \u2014 originalmente concebidas para coberturas \u2014 aplicadas tamb\u00e9m como muros de carga. Com uma mesma se\u00e7\u00e3o de 121 cm de largura por 20 cm de espessura, essas pe\u00e7as resolvem integralmente a estrutura, resultado de um design modular que organiza e d\u00e1 forma \u00e0 edifica\u00e7\u00e3o.<\/p>\n<p>&#13;<br \/>\n<a class=\"js-image-size__link lazy-anchor\" href=\"https:\/\/www.archdaily.com.br\/br\/1034788\/casa-hueca-boyance-arquitectura-plus-edificacion-plus-munoz-arquitectos-plus-augusto-quijano-arquitectos\/68dee07717892c0001fae1e6-casa-hueca-boyance-arquitectura-plus-edificacion-plus-munoz-arquitectos-plus-augusto-quijano-arquitectos-cortes\" rel=\"nofollow noopener\" target=\"_blank\"><img decoding=\"async\" alt=\"Casa Hueca \/ Boyanc\u00e9 Arquitectura + Edificaci\u00f3n + Mu\u00f1oz Arquitectos + Augusto Quijano Arquitectos - Imagem 13 de 16\" data-nr-picture-id=\"68dee07717892c0001fae1e6\" height=\"427\" itemprop=\"image\" loading=\"lazy\" longdesc=\"https:\/\/www.archdaily.com.br\/br\/1034788\/casa-hueca-boyance-arquitectura-plus-edificacion-plus-munoz-arquitectos-plus-augusto-quijano-arquitectos\/68dee07717892c0001fae1e6-casa-hueca-boyance-arquitectura-plus-edificacion-plus-munoz-arquitectos-plus-augusto-quijano-arquitectos-cortes\" src=\"https:\/\/www.europesays.com\/pt\/wp-content\/uploads\/2025\/10\/CORTES.jpg\" width=\"640\"\/>Cortes<\/a><\/p>\n<p data-start=\"0\" data-end=\"344\" data-is-last-node=\"\" data-is-only-node=\"\">O sistema estrutural apoia-se em um princ\u00edpio de not\u00e1vel simplicidade: cada um dos tr\u00eas blocos \u00e9 sustentado por apenas quatro paredes de carga \u2014 duas perimetrais e duas centrais. Estas formam o n\u00facleo de circula\u00e7\u00e3o e servi\u00e7os, adaptando-se \u00e0s especificidades de cada bloco e assegurando efici\u00eancia construtiva, racionalidade e clareza espacial.<\/p>\n<p>&#13;<br \/>\n&#13;<br \/>\n<a class=\"js-image-size__link lazy-anchor\" href=\"https:\/\/www.archdaily.com.br\/br\/1034788\/casa-hueca-boyance-arquitectura-plus-edificacion-plus-munoz-arquitectos-plus-augusto-quijano-arquitectos\/68dee07217892c0001fae1d1-casa-hueca-boyance-arquitectura-plus-edificacion-plus-munoz-arquitectos-plus-augusto-quijano-arquitectos-foto\" rel=\"nofollow noopener\" target=\"_blank\"><img decoding=\"async\" alt=\"Casa Hueca \/ Boyanc\u00e9 Arquitectura + Edificaci\u00f3n + Mu\u00f1oz Arquitectos + Augusto Quijano Arquitectos - Fotografia de Interiores, Cozinha, Madeira\" data-nr-picture-id=\"68dee07217892c0001fae1d1\" height=\"427\" itemprop=\"image\" loading=\"lazy\" longdesc=\"https:\/\/www.archdaily.com.br\/br\/1034788\/casa-hueca-boyance-arquitectura-plus-edificacion-plus-munoz-arquitectos-plus-augusto-quijano-arquitectos\/68dee07217892c0001fae1d1-casa-hueca-boyance-arquitectura-plus-edificacion-plus-munoz-arquitectos-plus-augusto-quijano-arquitectos-foto\" src=\"https:\/\/www.europesays.com\/pt\/wp-content\/uploads\/2025\/10\/15.CASA_HUECA._Foto_por_Javier_Callejas.jpg\" width=\"640\"\/>\u00a9 Javier Callejas<\/a><\/p>\n<p data-start=\"0\" data-end=\"397\" data-is-last-node=\"\" data-is-only-node=\"\">A express\u00e3o tect\u00f4nica \u00e9 um dos aspectos mais marcantes do projeto: todos os elementos permanecem expostos, sem recorrer a revestimentos ou acabamentos sup\u00e9rfluos. Os componentes estruturais \u2014 vigas, pilares \u2014 s\u00e3o executados em concreto aparente, enquanto a madeira, inspirada nas constru\u00e7\u00f5es vernaculares, refor\u00e7a uma linguagem pautada pela pureza material e pela honestidade construtiva.<\/p>\n<p>&#13;<br \/>\n<a class=\"js-image-size__link lazy-anchor\" href=\"https:\/\/www.archdaily.com.br\/br\/1034788\/casa-hueca-boyance-arquitectura-plus-edificacion-plus-munoz-arquitectos-plus-augusto-quijano-arquitectos\/68dee07617892c0001fae1da-casa-hueca-boyance-arquitectura-plus-edificacion-plus-munoz-arquitectos-plus-augusto-quijano-arquitectos-foto\" rel=\"nofollow noopener\" target=\"_blank\"><img decoding=\"async\" alt=\"Casa Hueca \/ Boyanc\u00e9 Arquitectura + Edificaci\u00f3n + Mu\u00f1oz Arquitectos + Augusto Quijano Arquitectos - Fotografia de Exterior\" data-nr-picture-id=\"68dee07617892c0001fae1da\" height=\"427\" itemprop=\"image\" loading=\"lazy\" longdesc=\"https:\/\/www.archdaily.com.br\/br\/1034788\/casa-hueca-boyance-arquitectura-plus-edificacion-plus-munoz-arquitectos-plus-augusto-quijano-arquitectos\/68dee07617892c0001fae1da-casa-hueca-boyance-arquitectura-plus-edificacion-plus-munoz-arquitectos-plus-augusto-quijano-arquitectos-foto\" src=\"https:\/\/www.europesays.com\/pt\/wp-content\/uploads\/2025\/10\/9.CASA_HUECA._Foto_por_Javier_Callejas.jpg\" width=\"640\"\/>\u00a9 Javier Callejas<\/a><script async src=\"https:\/\/platform.twitter.com\/widgets.js\" charset=\"utf-8\"><\/script><\/p>\n","protected":false},"excerpt":{"rendered":"\u00a9 Javier Callejas + 11 Compartilhar Compartilhar Facebook Twitter Mail Pinterest Whatsapp Ou https:\/\/www.archdaily.com.br\/br\/1034788\/casa-hueca-boyance-arquitectura-plus-edificacion-plus-munoz-arquitectos-plus-augusto-quijano-arquitectos \u00a9 Javier Callejas Descri\u00e7\u00e3o&hellip;\n","protected":false},"author":2,"featured_media":105053,"comment_status":"","ping_status":"","sticky":false,"template":"","format":"standard","meta":{"footnotes":""},"categories":[144],"tags":[304,361,207,205,206,203,201,202,362,204,114,115,32,33],"class_list":{"0":"post-105052","1":"post","2":"type-post","3":"status-publish","4":"format-standard","5":"has-post-thumbnail","7":"category-arte-e-design","8":"tag-arquitetura","9":"tag-arquitetura-residencial","10":"tag-arte","11":"tag-arte-e-design","12":"tag-artedesign","13":"tag-arts","14":"tag-arts-and-design","15":"tag-artsanddesign","16":"tag-casas","17":"tag-design","18":"tag-entertainment","19":"tag-entretenimento","20":"tag-portugal","21":"tag-pt"},"share_on_mastodon":{"url":"","error":""},"_links":{"self":[{"href":"https:\/\/www.europesays.com\/pt\/wp-json\/wp\/v2\/posts\/105052","targetHints":{"allow":["GET"]}}],"collection":[{"href":"https:\/\/www.europesays.com\/pt\/wp-json\/wp\/v2\/posts"}],"about":[{"href":"https:\/\/www.europesays.com\/pt\/wp-json\/wp\/v2\/types\/post"}],"author":[{"embeddable":true,"href":"https:\/\/www.europesays.com\/pt\/wp-json\/wp\/v2\/users\/2"}],"replies":[{"embeddable":true,"href":"https:\/\/www.europesays.com\/pt\/wp-json\/wp\/v2\/comments?post=105052"}],"version-history":[{"count":0,"href":"https:\/\/www.europesays.com\/pt\/wp-json\/wp\/v2\/posts\/105052\/revisions"}],"wp:featuredmedia":[{"embeddable":true,"href":"https:\/\/www.europesays.com\/pt\/wp-json\/wp\/v2\/media\/105053"}],"wp:attachment":[{"href":"https:\/\/www.europesays.com\/pt\/wp-json\/wp\/v2\/media?parent=105052"}],"wp:term":[{"taxonomy":"category","embeddable":true,"href":"https:\/\/www.europesays.com\/pt\/wp-json\/wp\/v2\/categories?post=105052"},{"taxonomy":"post_tag","embeddable":true,"href":"https:\/\/www.europesays.com\/pt\/wp-json\/wp\/v2\/tags?post=105052"}],"curies":[{"name":"wp","href":"https:\/\/api.w.org\/{rel}","templated":true}]}}