{"id":105054,"date":"2025-10-10T14:22:19","date_gmt":"2025-10-10T14:22:19","guid":{"rendered":"https:\/\/www.europesays.com\/pt\/105054\/"},"modified":"2025-10-10T14:22:19","modified_gmt":"2025-10-10T14:22:19","slug":"novo-livro-de-susete-estrela-e-apresentado-hoje-no-el-corte-ingles","status":"publish","type":"post","link":"https:\/\/www.europesays.com\/pt\/105054\/","title":{"rendered":"Novo livro de Susete Estrela \u00e9 apresentado hoje no El Corte Ingl\u00e9s"},"content":{"rendered":"<p>\u00c9 j\u00e1 hoje, \u00e0s 18h30, que a engenheira alimentar, especialista em alimenta\u00e7\u00e3o segura e health coach de nutri\u00e7\u00e3o integrada, Susete Estrela, apresenta a sua terceira obra dedicada ao tema da seguran\u00e7a alimentar. O evento de lan\u00e7amento do livro \u201cMais de 50 Coisas Que N\u00e3o Deve Fazer na Cozinha\u201d, da editora Arena\/Penguin Random House, vai decorrer no sexto piso do El Corte Ingl\u00e8s com a colabora\u00e7\u00e3o da autora e apresentadora de televis\u00e3o, Susana Pinto.<\/p>\n<p>Susete Estrela, que tem mais de duas d\u00e9cadas de experi\u00eancia nesta tem\u00e1tica, relembra os consumidores que a alimenta\u00e7\u00e3o s\u00f3 \u00e9 saud\u00e1vel se for segura. Esta obra pretende alertar para os erros que cometemos na cozinha sem nos apercebemos, fornecendo dicas que podem ajudar a evitar o risco de doen\u00e7as silenciosas e at\u00e9 a reduzir o desperd\u00edcio alimentar. \u201cAcredito que este livro pode mesmo evitar muitas doen\u00e7as silenciosas, evitar momentos de frustra\u00e7\u00e3o quando percebemos que algo se estragou antes do previsto, e prolongar de forma segura a validade e frescura de muitos alimentos. Quem j\u00e1 come\u00e7ou a ler, diz que \u00e9 uma verdadeira B\u00edblia da Cozinha\u201d, refere, a prop\u00f3sito, Susete Estrela.<\/p>\n<p><img loading=\"lazy\" decoding=\"async\" class=\"alignnone size-medium wp-image-172765\" src=\"https:\/\/www.europesays.com\/pt\/wp-content\/uploads\/2025\/10\/Mais_de_50_coisas_que_nao_deve_WEB-634x960.jpg\" alt=\"\" width=\"634\" height=\"960\"  \/><\/p>\n<p>Segundo a sinopse do livro h\u00e1bitos herdados de gera\u00e7\u00e3o em gera\u00e7\u00e3o, apesar de carregarem muito amor, est\u00e3o desatualizados em rela\u00e7\u00e3o \u00e0 forma como os alimentos s\u00e3o hoje produzidos, transportados e conservados. Muitas doen\u00e7as silenciosas, intoxica\u00e7\u00f5es alimentares e desperd\u00edcio de comida come\u00e7am em pequenos erros comuns que cometemos sem perceber, nem saber.<\/p>\n<p>Sabia, por exemplo, que n\u00e3o deve descongelar alimentos na bancada da cozinha, ignorar o perigo de consumir produtos de latas amolgadas, ou misturar frutas e hort\u00edcolas no mesmo cesto? Al\u00e9m de ser um guia pr\u00e1tico para a cozinha, baseado na ci\u00eancia, mas acess\u00edvel ao consumidor comum, esta obra vai ainda contribuir para reduzir o desperd\u00edcio alimentar.<\/p>\n<p><strong>Uma vida dedicada \u00e0 alimenta\u00e7\u00e3o segura\u00a0<\/strong><\/p>\n<p><a href=\"https:\/\/www.forbespt.com\/o-declinio-da-comida-vegana-empresas-que-apostaram-no-sem-carne-e-estao-a-ficar-sem-dinheiro\/?doing_wp_cron=1760022408.2116520404815673828125\" rel=\"nofollow noopener\" target=\"_blank\">Susete Estrela,<\/a> que tamb\u00e9m escreve com alguma regularidade no site da revista Forbes Portugal, nasceu em Caldas da Rainha, em 1978, no seio de uma fam\u00edlia de agricultores da regi\u00e3o Oeste. \u00c9 licenciada em Engenharia Alimentar e certificada internacionalmente em health coaching de nutri\u00e7\u00e3o integrativa, entre muitas outras forma\u00e7\u00f5es complementares.<\/p>\n<p>Tinha apenas 25 anos quando, ainda rec\u00e9m-licenciada, decidiu arrancar uma primeira empresa a solo, isto numa fase pessoal devastadora. Foi nesta fase, ao perder o seu pai, v\u00edtima de cancro do c\u00f3lon, com apenas 49 anos, que decidiu aprofundar os seus conhecimentos sobre o sistema alimentar global. A sua ideia era compreend\u00ea-lo de forma hol\u00edstica e de que modo interfere com a nossa sa\u00fade a curto, m\u00e9dio e longo prazo, tendo acabado por se formar em Nutri\u00e7\u00e3o Integrativa.<\/p>\n<blockquote>\n<p><strong>Susete Estrela deixou a vida empresarial no Dubai para seguir a sua miss\u00e3o de educar o consumidor para a seguran\u00e7a alimentar. Realiza atualmente cursos, mentorias e palestras sobre esta tem\u00e1tica, sendo presen\u00e7a ass\u00eddua em diversos canais de televis\u00e3o nacionais.<\/strong><\/p>\n<\/blockquote>\n<p>Foi pioneira, em 2018, ao levar at\u00e9 ao consumidor final o seu primeiro livro de seguran\u00e7a alimentar, \u201cSabe o que Anda a Comer\u201d, uma obra que procura despertar as fam\u00edlias para a import\u00e2ncia da alimenta\u00e7\u00e3o segura. Trabalhava no Dubai, em empresas do setor alimentar, quando, em setembro de 2019, decidiu abandonar o mercado empresarial para se dedicar exclusivamente \u00e0 educa\u00e7\u00e3o e consciencializa\u00e7\u00e3o do consumidor. Viajou sozinha pela \u00c1sia, de mochila \u00e0s costas, despojada do luxo dos Emirados e regressou a Portugal para se dedicar ao que sentia ser a sua miss\u00e3o de vida. Realiza atualmente cursos, mentorias e palestras sobre esta tem\u00e1tica, sendo presen\u00e7a ass\u00eddua em diversos canais de televis\u00e3o nacionais.<\/p>\n","protected":false},"excerpt":{"rendered":"\u00c9 j\u00e1 hoje, \u00e0s 18h30, que a engenheira alimentar, especialista em alimenta\u00e7\u00e3o segura e health coach de nutri\u00e7\u00e3o&hellip;\n","protected":false},"author":2,"featured_media":105055,"comment_status":"","ping_status":"","sticky":false,"template":"","format":"standard","meta":{"footnotes":""},"categories":[143],"tags":[169,114,115,170,32,33],"class_list":{"0":"post-105054","1":"post","2":"type-post","3":"status-publish","4":"format-standard","5":"has-post-thumbnail","7":"category-livros","8":"tag-books","9":"tag-entertainment","10":"tag-entretenimento","11":"tag-livros","12":"tag-portugal","13":"tag-pt"},"share_on_mastodon":{"url":"","error":""},"_links":{"self":[{"href":"https:\/\/www.europesays.com\/pt\/wp-json\/wp\/v2\/posts\/105054","targetHints":{"allow":["GET"]}}],"collection":[{"href":"https:\/\/www.europesays.com\/pt\/wp-json\/wp\/v2\/posts"}],"about":[{"href":"https:\/\/www.europesays.com\/pt\/wp-json\/wp\/v2\/types\/post"}],"author":[{"embeddable":true,"href":"https:\/\/www.europesays.com\/pt\/wp-json\/wp\/v2\/users\/2"}],"replies":[{"embeddable":true,"href":"https:\/\/www.europesays.com\/pt\/wp-json\/wp\/v2\/comments?post=105054"}],"version-history":[{"count":0,"href":"https:\/\/www.europesays.com\/pt\/wp-json\/wp\/v2\/posts\/105054\/revisions"}],"wp:featuredmedia":[{"embeddable":true,"href":"https:\/\/www.europesays.com\/pt\/wp-json\/wp\/v2\/media\/105055"}],"wp:attachment":[{"href":"https:\/\/www.europesays.com\/pt\/wp-json\/wp\/v2\/media?parent=105054"}],"wp:term":[{"taxonomy":"category","embeddable":true,"href":"https:\/\/www.europesays.com\/pt\/wp-json\/wp\/v2\/categories?post=105054"},{"taxonomy":"post_tag","embeddable":true,"href":"https:\/\/www.europesays.com\/pt\/wp-json\/wp\/v2\/tags?post=105054"}],"curies":[{"name":"wp","href":"https:\/\/api.w.org\/{rel}","templated":true}]}}