{"id":105062,"date":"2025-10-10T14:26:09","date_gmt":"2025-10-10T14:26:09","guid":{"rendered":"https:\/\/www.europesays.com\/pt\/105062\/"},"modified":"2025-10-10T14:26:09","modified_gmt":"2025-10-10T14:26:09","slug":"os-desportistas-mais-bem-pagos-da-historia-veja-em-que-lugar-esta-ronaldo","status":"publish","type":"post","link":"https:\/\/www.europesays.com\/pt\/105062\/","title":{"rendered":"Os desportistas mais bem pagos da hist\u00f3ria: veja em que lugar est\u00e1 Ronaldo"},"content":{"rendered":"<p>O desporto move milh\u00f5es, j\u00e1 se sabe, e hoje em dia os desportistas mais cautelosos asseguram o futuro investindo em v\u00e1rias \u00e1reas empresariais, como clubes, moda ou artigos de lifestyle.<\/p>\n<p>E se se pensa que o futebol \u00e9 a principal fonte, nem sempre \u00e9 o caso.<\/p>\n<p>Um ranking do site especializado Sportico, que analisa o desporto numa perspetiva econ\u00f3mica, revela o antigo basquetebolista Michael Jordan como o desportista mais bem pago da hist\u00f3ria. Outras modalidades incluem o golfe, o t\u00e9nis e o boxe, tendo sempre em conta sal\u00e1rios, b\u00f3nus, patroc\u00ednios, investimentos e direitos de imagem.<\/p>\n<p>Percorra a galeria abaixo para descobrir os dez mais bem pagos de sempre:<\/p>\n","protected":false},"excerpt":{"rendered":"O desporto move milh\u00f5es, j\u00e1 se sabe, e hoje em dia os desportistas mais cautelosos asseguram o futuro&hellip;\n","protected":false},"author":2,"featured_media":105063,"comment_status":"","ping_status":"","sticky":false,"template":"","format":"standard","meta":{"footnotes":""},"categories":[87],"tags":[135,32,33,134],"class_list":{"0":"post-105062","1":"post","2":"type-post","3":"status-publish","4":"format-standard","5":"has-post-thumbnail","7":"category-desporto","8":"tag-desporto","9":"tag-portugal","10":"tag-pt","11":"tag-sports"},"share_on_mastodon":{"url":"","error":""},"_links":{"self":[{"href":"https:\/\/www.europesays.com\/pt\/wp-json\/wp\/v2\/posts\/105062","targetHints":{"allow":["GET"]}}],"collection":[{"href":"https:\/\/www.europesays.com\/pt\/wp-json\/wp\/v2\/posts"}],"about":[{"href":"https:\/\/www.europesays.com\/pt\/wp-json\/wp\/v2\/types\/post"}],"author":[{"embeddable":true,"href":"https:\/\/www.europesays.com\/pt\/wp-json\/wp\/v2\/users\/2"}],"replies":[{"embeddable":true,"href":"https:\/\/www.europesays.com\/pt\/wp-json\/wp\/v2\/comments?post=105062"}],"version-history":[{"count":0,"href":"https:\/\/www.europesays.com\/pt\/wp-json\/wp\/v2\/posts\/105062\/revisions"}],"wp:featuredmedia":[{"embeddable":true,"href":"https:\/\/www.europesays.com\/pt\/wp-json\/wp\/v2\/media\/105063"}],"wp:attachment":[{"href":"https:\/\/www.europesays.com\/pt\/wp-json\/wp\/v2\/media?parent=105062"}],"wp:term":[{"taxonomy":"category","embeddable":true,"href":"https:\/\/www.europesays.com\/pt\/wp-json\/wp\/v2\/categories?post=105062"},{"taxonomy":"post_tag","embeddable":true,"href":"https:\/\/www.europesays.com\/pt\/wp-json\/wp\/v2\/tags?post=105062"}],"curies":[{"name":"wp","href":"https:\/\/api.w.org\/{rel}","templated":true}]}}